{"id":1663,"date":"2013-06-03T10:54:36","date_gmt":"2013-06-03T07:54:36","guid":{"rendered":"http:\/\/petterihyryla.fi\/blog\/?p=1663"},"modified":"2013-06-16T22:17:34","modified_gmt":"2013-06-16T19:17:34","slug":"matkasuunnitelma-2","status":"publish","type":"post","link":"https:\/\/petterihyryla.fi\/blog\/2013-6-viroon\/matkasuunnitelma-2\/","title":{"rendered":"Matkasuunnitelma"},"content":{"rendered":"<div id=\"attachment_1665\" style=\"width: 310px\" class=\"wp-caption alignleft\"><a href=\"https:\/\/petterihyryla.fi\/blog\/wp-content\/uploads\/2013\/06\/Reittisuunnitelma-Viro2013.jpg\"><img loading=\"lazy\" decoding=\"async\" aria-describedby=\"caption-attachment-1665\" class=\"size-medium wp-image-1665\" alt=\"Reittisuunnitelma\" src=\"https:\/\/petterihyryla.fi\/blog\/wp-content\/uploads\/2013\/06\/Reittisuunnitelma-Viro2013-300x255.jpg\" width=\"300\" height=\"255\" srcset=\"https:\/\/petterihyryla.fi\/blog\/wp-content\/uploads\/2013\/06\/Reittisuunnitelma-Viro2013-300x255.jpg 300w, https:\/\/petterihyryla.fi\/blog\/wp-content\/uploads\/2013\/06\/Reittisuunnitelma-Viro2013.jpg 509w\" sizes=\"auto, (max-width: 300px) 100vw, 300px\" \/><\/a><p id=\"caption-attachment-1665\" class=\"wp-caption-text\">Reittisuunnitelma<\/p><\/div>\n<p>Startataan 6.6.2013 torstai-iltana ja ajetaan y\u00f6ksi Helsinkiin Katajanokan vankila -hotelliin (sain hyv\u00e4n hinnat Olotels.com -palvelusta). Sielt\u00e4 aamulla 10.30 Tallinkilla Tallinnaan ja edelleen\u00a0pitkin Viron pohjoisrantaa kohti it\u00e4\u00e4. Matkalla on pari kivaa paikkaa ja y\u00f6ksi Palanderin hevostilalle, jossa on B&amp;B -majoitus. Lauantai-aamuna kohti etel\u00e4\u00e4 ja k\u00e4yd\u00e4\u00e4n katsomassa Peipsi -j\u00e4rvi (152km pitk\u00e4 eli iso j\u00e4rvi). Sielt\u00e4 l\u00e4nteen ja y\u00f6ksi Haapsaluun. Sunnuntaina sitten Tallinnan ja Helsingin kautta kotiin. Arviolta 1100 km yhteens\u00e4.<\/p>\n","protected":false},"excerpt":{"rendered":"<p>Startataan 6.6.2013 torstai-iltana ja ajetaan y\u00f6ksi Helsinkiin Katajanokan vankila -hotelliin (sain hyv\u00e4n hinnat Olotels.com -palvelusta). Sielt\u00e4 aamulla 10.30 Tallinkilla Tallinnaan ja edelleen\u00a0pitkin Viron pohjoisrantaa kohti it\u00e4\u00e4. Matkalla on pari kivaa paikkaa ja y\u00f6ksi Palanderin hevostilalle, jossa on B&amp;B -majoitus. Lauantai-aamuna &hellip; <a href=\"https:\/\/petterihyryla.fi\/blog\/2013-6-viroon\/matkasuunnitelma-2\/\">Continue reading <span class=\"meta-nav\">&rarr;<\/span><\/a><\/p>\n","protected":false},"author":4,"featured_media":0,"comment_status":"open","ping_status":"open","sticky":false,"template":"","format":"standard","meta":{"footnotes":""},"categories":[15],"tags":[],"class_list":["post-1663","post","type-post","status-publish","format-standard","hentry","category-2013-6-viroon"],"_links":{"self":[{"href":"https:\/\/petterihyryla.fi\/blog\/wp-json\/wp\/v2\/posts\/1663","targetHints":{"allow":["GET"]}}],"collection":[{"href":"https:\/\/petterihyryla.fi\/blog\/wp-json\/wp\/v2\/posts"}],"about":[{"href":"https:\/\/petterihyryla.fi\/blog\/wp-json\/wp\/v2\/types\/post"}],"author":[{"embeddable":true,"href":"https:\/\/petterihyryla.fi\/blog\/wp-json\/wp\/v2\/users\/4"}],"replies":[{"embeddable":true,"href":"https:\/\/petterihyryla.fi\/blog\/wp-json\/wp\/v2\/comments?post=1663"}],"version-history":[{"count":0,"href":"https:\/\/petterihyryla.fi\/blog\/wp-json\/wp\/v2\/posts\/1663\/revisions"}],"wp:attachment":[{"href":"https:\/\/petterihyryla.fi\/blog\/wp-json\/wp\/v2\/media?parent=1663"}],"wp:term":[{"taxonomy":"category","embeddable":true,"href":"https:\/\/petterihyryla.fi\/blog\/wp-json\/wp\/v2\/categories?post=1663"},{"taxonomy":"post_tag","embeddable":true,"href":"https:\/\/petterihyryla.fi\/blog\/wp-json\/wp\/v2\/tags?post=1663"}],"curies":[{"name":"wp","href":"https:\/\/api.w.org\/{rel}","templated":true}]}}