{"id":1669,"date":"2013-06-06T23:43:02","date_gmt":"2013-06-06T20:43:02","guid":{"rendered":"http:\/\/petterihyryla.fi\/blog\/?p=1669"},"modified":"2013-06-19T15:19:19","modified_gmt":"2013-06-19T12:19:19","slug":"6-6-2013-imatra-hki","status":"publish","type":"post","link":"https:\/\/petterihyryla.fi\/blog\/2013-6-viroon\/6-6-2013-imatra-hki\/","title":{"rendered":"6.6.2013 Imatra-Hki"},"content":{"rendered":"<div id=\"attachment_1677\" style=\"width: 310px\" class=\"wp-caption alignleft\"><a href=\"https:\/\/petterihyryla.fi\/blog\/wp-content\/uploads\/2013\/06\/Tuulimylly.jpg\"><img loading=\"lazy\" decoding=\"async\" aria-describedby=\"caption-attachment-1677\" class=\"size-medium wp-image-1677\" alt=\"Kahvila Tuulimylly \" src=\"https:\/\/petterihyryla.fi\/blog\/wp-content\/uploads\/2013\/06\/Tuulimylly-300x225.jpg\" width=\"300\" height=\"225\" srcset=\"https:\/\/petterihyryla.fi\/blog\/wp-content\/uploads\/2013\/06\/Tuulimylly-300x225.jpg 300w, https:\/\/petterihyryla.fi\/blog\/wp-content\/uploads\/2013\/06\/Tuulimylly-624x468.jpg 624w, https:\/\/petterihyryla.fi\/blog\/wp-content\/uploads\/2013\/06\/Tuulimylly.jpg 1023w\" sizes=\"auto, (max-width: 300px) 100vw, 300px\" \/><\/a><p id=\"caption-attachment-1677\" class=\"wp-caption-text\">Kahvila Tuulimylly<\/p><\/div>\n<p>P\u00e4\u00e4stiin liikkeelle klo 16.30 aurinkoisessa ilmassa. Piti jopa alkuun v\u00e4h\u00e4n v\u00e4hent\u00e4\u00e4 varustusta sill\u00e4 l\u00e4mp\u00f6tila oli l\u00e4htiess\u00e4 24 ja parhaimmillaan jopa 26 (vaikka alkuilta olikin). Pys\u00e4hdyttiin kahville museokahvila Tuulimyllyyn ja yritettiin tankatakin mutta kone ei huolinut korttia (oli kuulemma jotain vikaa).<\/p>\n<p>Eija oli viritellyt puhelimen soittamaan kyp\u00e4r\u00e4\u00e4n ja yst\u00e4v\u00e4mme Henna soittikin juuri kun p\u00e4\u00e4stiin Porvoon motarille. Sai sovittua treffit perille. Min\u00e4 olin varannut y\u00f6pymisen hotelli Katajanokasta (<a href=\"http:\/\/www.bwkatajanokka.fi\/\">www.bwkatajanokka.fi<\/a>\u00a0joka siis on entinen vankila). Mielenkiintoinen paikka ja saatiin viel\u00e4 sviitti kun huoneet olivat kortilla.<\/p>\n<div id=\"attachment_1675\" style=\"width: 310px\" class=\"wp-caption alignleft\"><a href=\"https:\/\/petterihyryla.fi\/blog\/wp-content\/uploads\/2013\/06\/ravintolalaivab.jpg\"><img loading=\"lazy\" decoding=\"async\" aria-describedby=\"caption-attachment-1675\" class=\"size-medium wp-image-1675\" alt=\"ravintolalaivab\" src=\"https:\/\/petterihyryla.fi\/blog\/wp-content\/uploads\/2013\/06\/ravintolalaivab-300x220.jpg\" width=\"300\" height=\"220\" srcset=\"https:\/\/petterihyryla.fi\/blog\/wp-content\/uploads\/2013\/06\/ravintolalaivab-300x220.jpg 300w, https:\/\/petterihyryla.fi\/blog\/wp-content\/uploads\/2013\/06\/ravintolalaivab-1024x753.jpg 1024w, https:\/\/petterihyryla.fi\/blog\/wp-content\/uploads\/2013\/06\/ravintolalaivab-624x459.jpg 624w, https:\/\/petterihyryla.fi\/blog\/wp-content\/uploads\/2013\/06\/ravintolalaivab.jpg 1044w\" sizes=\"auto, (max-width: 300px) 100vw, 300px\" \/><\/a><p id=\"caption-attachment-1675\" class=\"wp-caption-text\">Ravintolalaiva Relander tai jotain&#8230;<\/p><\/div>\n<p>Sy\u00f6tiin hotellin ravintolassa Hennan kanssa ja k\u00e4ytiin viel\u00e4 kaljalla ravintolalaivassa Katajanokan tyvess\u00e4. Ilma oli l\u00e4mmin ja kes\u00e4inen. Kivoja n\u00e4m\u00e4 valoisat illat.<\/p>\n<p>&nbsp;<\/p>\n<p>&nbsp;<\/p>\n<p>&nbsp;<\/p>\n","protected":false},"excerpt":{"rendered":"<p>P\u00e4\u00e4stiin liikkeelle klo 16.30 aurinkoisessa ilmassa. Piti jopa alkuun v\u00e4h\u00e4n v\u00e4hent\u00e4\u00e4 varustusta sill\u00e4 l\u00e4mp\u00f6tila oli l\u00e4htiess\u00e4 24 ja parhaimmillaan jopa 26 (vaikka alkuilta olikin). Pys\u00e4hdyttiin kahville museokahvila Tuulimyllyyn ja yritettiin tankatakin mutta kone ei huolinut korttia (oli kuulemma jotain vikaa). &hellip; <a href=\"https:\/\/petterihyryla.fi\/blog\/2013-6-viroon\/6-6-2013-imatra-hki\/\">Continue reading <span class=\"meta-nav\">&rarr;<\/span><\/a><\/p>\n","protected":false},"author":4,"featured_media":0,"comment_status":"open","ping_status":"open","sticky":false,"template":"","format":"standard","meta":{"footnotes":""},"categories":[15],"tags":[],"class_list":["post-1669","post","type-post","status-publish","format-standard","hentry","category-2013-6-viroon"],"_links":{"self":[{"href":"https:\/\/petterihyryla.fi\/blog\/wp-json\/wp\/v2\/posts\/1669","targetHints":{"allow":["GET"]}}],"collection":[{"href":"https:\/\/petterihyryla.fi\/blog\/wp-json\/wp\/v2\/posts"}],"about":[{"href":"https:\/\/petterihyryla.fi\/blog\/wp-json\/wp\/v2\/types\/post"}],"author":[{"embeddable":true,"href":"https:\/\/petterihyryla.fi\/blog\/wp-json\/wp\/v2\/users\/4"}],"replies":[{"embeddable":true,"href":"https:\/\/petterihyryla.fi\/blog\/wp-json\/wp\/v2\/comments?post=1669"}],"version-history":[{"count":0,"href":"https:\/\/petterihyryla.fi\/blog\/wp-json\/wp\/v2\/posts\/1669\/revisions"}],"wp:attachment":[{"href":"https:\/\/petterihyryla.fi\/blog\/wp-json\/wp\/v2\/media?parent=1669"}],"wp:term":[{"taxonomy":"category","embeddable":true,"href":"https:\/\/petterihyryla.fi\/blog\/wp-json\/wp\/v2\/categories?post=1669"},{"taxonomy":"post_tag","embeddable":true,"href":"https:\/\/petterihyryla.fi\/blog\/wp-json\/wp\/v2\/tags?post=1669"}],"curies":[{"name":"wp","href":"https:\/\/api.w.org\/{rel}","templated":true}]}}