{"id":177,"date":"2011-08-30T20:42:29","date_gmt":"2011-08-30T17:42:29","guid":{"rendered":"http:\/\/petterihyryla.fi\/blog\/?p=177"},"modified":"2017-04-25T15:31:08","modified_gmt":"2017-04-25T12:31:08","slug":"25-30-8-opatija-karlovac","status":"publish","type":"post","link":"https:\/\/petterihyryla.fi\/blog\/2011-8-9-kroatiaan\/25-30-8-opatija-karlovac\/","title":{"rendered":"30.8 Opatija -Karlovac"},"content":{"rendered":"<p>Matka Karlovac&#8217;iin sujui hyvin erinomaista moottoritiet\u00e4 pitkin. Mahtaa olla kallista tehd\u00e4 noita teit\u00e4 kun ei ole yht\u00e4\u00e4n tasaista kohtaa. Joko menn\u00e4\u00e4n tunnelissa vuoren l\u00e4pi tai sitten korkealla sillalla laaksojen yli.<\/p>\n<p><a href=\"https:\/\/petterihyryla.fi\/blog\/wp-content\/uploads\/2012\/05\/RavnaGora.jpg\"><img loading=\"lazy\" decoding=\"async\" class=\"alignright size-medium wp-image-179\" title=\"RavnaGora\" src=\"https:\/\/petterihyryla.fi\/blog\/wp-content\/uploads\/2012\/05\/RavnaGora-300x225.jpg\" alt=\"\" width=\"300\" height=\"225\" srcset=\"https:\/\/petterihyryla.fi\/blog\/wp-content\/uploads\/2012\/05\/RavnaGora-300x225.jpg 300w, https:\/\/petterihyryla.fi\/blog\/wp-content\/uploads\/2012\/05\/RavnaGora-400x300.jpg 400w, https:\/\/petterihyryla.fi\/blog\/wp-content\/uploads\/2012\/05\/RavnaGora.jpg 640w\" sizes=\"auto, (max-width: 300px) 100vw, 300px\" \/><\/a>Pys\u00e4hdyttiin tauolla Ravna Goran l\u00e4hell\u00e4. Korkeus oli siin\u00e4 navin mukaan 750 m merenpinnasta. Oli kiva seurata l\u00e4mp\u00f6tiloja kun niist\u00e4 oli n\u00e4ytt\u00e4m\u00e4 tien vieress\u00e4. Rannikon 30:n l\u00e4mp\u00f6tilasta tultiin alas 20:een Ravna Gorassa. Sitten laskeuduttiin taas Karlovac&#8217;iin 150 metriin mik\u00e4 tuntui my\u00f6s l\u00e4mp\u00f6tilan nousuna.<\/p>\n<div id=\"attachment_178\" style=\"width: 310px\" class=\"wp-caption alignright\"><a href=\"https:\/\/petterihyryla.fi\/blog\/wp-content\/uploads\/2012\/05\/kaljallaJPG.jpg\"><img loading=\"lazy\" decoding=\"async\" aria-describedby=\"caption-attachment-178\" class=\"size-medium wp-image-178\" title=\"kaljallaJPG\" src=\"https:\/\/petterihyryla.fi\/blog\/wp-content\/uploads\/2012\/05\/kaljallaJPG-300x225.jpg\" alt=\"\" width=\"300\" height=\"225\" srcset=\"https:\/\/petterihyryla.fi\/blog\/wp-content\/uploads\/2012\/05\/kaljallaJPG-300x225.jpg 300w, https:\/\/petterihyryla.fi\/blog\/wp-content\/uploads\/2012\/05\/kaljallaJPG-400x300.jpg 400w, https:\/\/petterihyryla.fi\/blog\/wp-content\/uploads\/2012\/05\/kaljallaJPG.jpg 640w\" sizes=\"auto, (max-width: 300px) 100vw, 300px\" \/><\/a><p id=\"caption-attachment-178\" class=\"wp-caption-text\">Kahvila Karlovac&#8217;ssa<\/p><\/div>\n<p>Karlovac:ssa mentiin ensimm\u00e4iseen, hotelliin joka eteen sattui keskustassa eli Hotel Karlstadt:iin. Taso on v\u00e4ltt\u00e4v\u00e4 ja riitt\u00e4nee yhdeksi y\u00f6ksi. Ensivaikutelma Karlovac&#8217;sta: pikkukaupunki, ei kovin siisti. L\u00e4hdettiin majoittumisen j\u00e4lkeen etsim\u00e4\u00e4n sapuskaa. T\u00e4m\u00e4 osoittautui odotettua vaikeammaksi sill\u00e4 kaupunki oli t\u00e4ynn\u00e4 vain kahviloita (kuva on yhdest\u00e4 kahviloista). Niit\u00e4 oli joka paikassa, mutta ruokaa ei saanut mist\u00e4\u00e4n. Kysyttiin ja v\u00e4h\u00e4n matkan p\u00e4\u00e4ss\u00e4 on pizzeria ja viiden kilometrin p\u00e4\u00e4ss\u00e4 ravintola. No p\u00e4\u00e4dyttiin pizzeriaan, jossa sy\u00f6tiin pastat. Ei ollut kovin kaksista, mutta ei maksanutkaan paljon. Saa n\u00e4hd\u00e4 saisiko illalla jotain pient\u00e4 noista kahviloista.<\/p>\n<p>Illalla iski E:hen sama p\u00f6p\u00f6 kuin P:ss\u00e4 oli ollut ja oli E:n vuoro viett\u00e4\u00e4 aikaa vessap\u00f6ntt\u00f6\u00e4 halaten.Taisikin olla joku muu kuin ruokamyrkytys kun noin tarttui. Aamulla olo on jo parempi ja p\u00e4\u00e4tettiin suunnistaa seuraavaksi Slovenian Mariboriin.<\/p>\n","protected":false},"excerpt":{"rendered":"<p>Matka Karlovac&#8217;iin sujui hyvin erinomaista moottoritiet\u00e4 pitkin. Mahtaa olla kallista tehd\u00e4 noita teit\u00e4 kun ei ole yht\u00e4\u00e4n tasaista kohtaa. Joko menn\u00e4\u00e4n tunnelissa vuoren l\u00e4pi tai sitten korkealla sillalla laaksojen yli. Pys\u00e4hdyttiin tauolla Ravna Goran l\u00e4hell\u00e4. Korkeus oli siin\u00e4 navin mukaan &hellip; <a href=\"https:\/\/petterihyryla.fi\/blog\/2011-8-9-kroatiaan\/25-30-8-opatija-karlovac\/\">Continue reading <span class=\"meta-nav\">&rarr;<\/span><\/a><\/p>\n","protected":false},"author":4,"featured_media":0,"comment_status":"open","ping_status":"open","sticky":false,"template":"","format":"standard","meta":{"footnotes":""},"categories":[11],"tags":[],"class_list":["post-177","post","type-post","status-publish","format-standard","hentry","category-2011-8-9-kroatiaan"],"_links":{"self":[{"href":"https:\/\/petterihyryla.fi\/blog\/wp-json\/wp\/v2\/posts\/177","targetHints":{"allow":["GET"]}}],"collection":[{"href":"https:\/\/petterihyryla.fi\/blog\/wp-json\/wp\/v2\/posts"}],"about":[{"href":"https:\/\/petterihyryla.fi\/blog\/wp-json\/wp\/v2\/types\/post"}],"author":[{"embeddable":true,"href":"https:\/\/petterihyryla.fi\/blog\/wp-json\/wp\/v2\/users\/4"}],"replies":[{"embeddable":true,"href":"https:\/\/petterihyryla.fi\/blog\/wp-json\/wp\/v2\/comments?post=177"}],"version-history":[{"count":0,"href":"https:\/\/petterihyryla.fi\/blog\/wp-json\/wp\/v2\/posts\/177\/revisions"}],"wp:attachment":[{"href":"https:\/\/petterihyryla.fi\/blog\/wp-json\/wp\/v2\/media?parent=177"}],"wp:term":[{"taxonomy":"category","embeddable":true,"href":"https:\/\/petterihyryla.fi\/blog\/wp-json\/wp\/v2\/categories?post=177"},{"taxonomy":"post_tag","embeddable":true,"href":"https:\/\/petterihyryla.fi\/blog\/wp-json\/wp\/v2\/tags?post=177"}],"curies":[{"name":"wp","href":"https:\/\/api.w.org\/{rel}","templated":true}]}}