{"id":181,"date":"2011-08-31T20:46:25","date_gmt":"2011-08-31T17:46:25","guid":{"rendered":"http:\/\/petterihyryla.fi\/blog\/?p=181"},"modified":"2013-05-17T22:04:26","modified_gmt":"2013-05-17T19:04:26","slug":"26-31-8-karlovac-maribor","status":"publish","type":"post","link":"https:\/\/petterihyryla.fi\/blog\/2011-8-9-kroatiaan\/26-31-8-karlovac-maribor\/","title":{"rendered":"31.8 Karlovac \u2013Maribor"},"content":{"rendered":"<p>Ajeltiin kohti Zagrebia, mutta ohitettiin se ja k\u00e4\u00e4nnyttiin pohjoiseen Slovenian rajaa ja Mariboria kohti. Mariborhan on ensi vuoden Euroopan kulttuurikaupunki ja siell\u00e4 pidet\u00e4\u00e4n talviolympialaiset 2013, joten varmaan ihan kiva paikka.<\/p>\n<div id=\"attachment_182\" style=\"width: 310px\" class=\"wp-caption alignright\"><a href=\"https:\/\/petterihyryla.fi\/blog\/wp-content\/uploads\/2012\/05\/maribor.jpg\"><img loading=\"lazy\" decoding=\"async\" aria-describedby=\"caption-attachment-182\" class=\"size-medium wp-image-182\" title=\"maribor\" alt=\"\" src=\"https:\/\/petterihyryla.fi\/blog\/wp-content\/uploads\/2012\/05\/maribor-300x225.jpg\" width=\"300\" height=\"225\" srcset=\"https:\/\/petterihyryla.fi\/blog\/wp-content\/uploads\/2012\/05\/maribor-300x225.jpg 300w, https:\/\/petterihyryla.fi\/blog\/wp-content\/uploads\/2012\/05\/maribor-400x300.jpg 400w, https:\/\/petterihyryla.fi\/blog\/wp-content\/uploads\/2012\/05\/maribor.jpg 640w\" sizes=\"auto, (max-width: 300px) 100vw, 300px\" \/><\/a><p id=\"caption-attachment-182\" class=\"wp-caption-text\">Mariborin keskustaa kunnostettiin kulttuurip\u00e4\u00e4kaupunkititteli\u00e4 varten<\/p><\/div>\n<p>Yritettiin raja ja ostettiin Vignette (moottoritietarra), joka oli jo toinen Sveitsin tarran j\u00e4lkeen. Oltiin etuk\u00e4teen katsottu sopiva hotelli ja sy\u00f6tetty osoite navigaattoriin, joten paikka l\u00f6ytyi helposti. Kuitenkin vain paikka sill\u00e4 hotelli oli vasta 3 kk vanha ja kylttien puuttuessa meni v\u00e4h\u00e4n aikaa ennekuin ovi l\u00f6ytyi. Hotelli on City Hotel Maribor, joka osoittautui hyvin moderniksi ja tyylikk\u00e4\u00e4ksi paikaksi. Mm. suihkuhuoneessa oli lasisein\u00e4, joten s\u00e4ngyst\u00e4 voi hyvin tiirailla suihkuttelijaa.<\/p>\n<div id=\"attachment_183\" style=\"width: 310px\" class=\"wp-caption alignright\"><a href=\"https:\/\/petterihyryla.fi\/blog\/wp-content\/uploads\/2012\/05\/nainen.jpg\"><img loading=\"lazy\" decoding=\"async\" aria-describedby=\"caption-attachment-183\" class=\"size-medium wp-image-183\" title=\"nainen\" alt=\"\" src=\"https:\/\/petterihyryla.fi\/blog\/wp-content\/uploads\/2012\/05\/nainen-300x225.jpg\" width=\"300\" height=\"225\" srcset=\"https:\/\/petterihyryla.fi\/blog\/wp-content\/uploads\/2012\/05\/nainen-300x225.jpg 300w, https:\/\/petterihyryla.fi\/blog\/wp-content\/uploads\/2012\/05\/nainen-400x300.jpg 400w, https:\/\/petterihyryla.fi\/blog\/wp-content\/uploads\/2012\/05\/nainen.jpg 640w\" sizes=\"auto, (max-width: 300px) 100vw, 300px\" \/><\/a><p id=\"caption-attachment-183\" class=\"wp-caption-text\">Joku kuvaussessio oli meneill\u00e4\u00e4n. P\u00e4\u00e4tin my\u00f6s leikki\u00e4 valokuvaajaa kun mallikin oli valmiina.<\/p><\/div>\n<p>Kaupunki oli selke\u00e4sti pannut parastaan sill\u00e4 keskusta ja k\u00e4velyv\u00e4yl\u00e4t n\u00e4yttiv\u00e4t vast\u2019ik\u00e4\u00e4n tehdyilt\u00e4. Kaupungissa on my\u00f6s monenlaista ostoskeskusta ja vastaavaa rakennusta (ei selvitetty kaikkia viel\u00e4). Menossa oli my\u00f6s jonkun sortin perinnejuhlat, jossa P maistoi lihapataa, mutta oli kovasti suolaista (E:lle ei ruoka viel\u00e4 oikein maistu).<br \/>\nP\u00e4\u00e4tettiin olla t\u00e4\u00e4ll\u00e4 kaksi y\u00f6t\u00e4 ja katsoa my\u00f6s tuo alppikeskus, jota kehuttiin.<\/p>\n","protected":false},"excerpt":{"rendered":"<p>Ajeltiin kohti Zagrebia, mutta ohitettiin se ja k\u00e4\u00e4nnyttiin pohjoiseen Slovenian rajaa ja Mariboria kohti. Mariborhan on ensi vuoden Euroopan kulttuurikaupunki ja siell\u00e4 pidet\u00e4\u00e4n talviolympialaiset 2013, joten varmaan ihan kiva paikka. Yritettiin raja ja ostettiin Vignette (moottoritietarra), joka oli jo toinen &hellip; <a href=\"https:\/\/petterihyryla.fi\/blog\/2011-8-9-kroatiaan\/26-31-8-karlovac-maribor\/\">Continue reading <span class=\"meta-nav\">&rarr;<\/span><\/a><\/p>\n","protected":false},"author":4,"featured_media":0,"comment_status":"open","ping_status":"open","sticky":false,"template":"","format":"standard","meta":{"footnotes":""},"categories":[11],"tags":[],"class_list":["post-181","post","type-post","status-publish","format-standard","hentry","category-2011-8-9-kroatiaan"],"_links":{"self":[{"href":"https:\/\/petterihyryla.fi\/blog\/wp-json\/wp\/v2\/posts\/181","targetHints":{"allow":["GET"]}}],"collection":[{"href":"https:\/\/petterihyryla.fi\/blog\/wp-json\/wp\/v2\/posts"}],"about":[{"href":"https:\/\/petterihyryla.fi\/blog\/wp-json\/wp\/v2\/types\/post"}],"author":[{"embeddable":true,"href":"https:\/\/petterihyryla.fi\/blog\/wp-json\/wp\/v2\/users\/4"}],"replies":[{"embeddable":true,"href":"https:\/\/petterihyryla.fi\/blog\/wp-json\/wp\/v2\/comments?post=181"}],"version-history":[{"count":0,"href":"https:\/\/petterihyryla.fi\/blog\/wp-json\/wp\/v2\/posts\/181\/revisions"}],"wp:attachment":[{"href":"https:\/\/petterihyryla.fi\/blog\/wp-json\/wp\/v2\/media?parent=181"}],"wp:term":[{"taxonomy":"category","embeddable":true,"href":"https:\/\/petterihyryla.fi\/blog\/wp-json\/wp\/v2\/categories?post=181"},{"taxonomy":"post_tag","embeddable":true,"href":"https:\/\/petterihyryla.fi\/blog\/wp-json\/wp\/v2\/tags?post=181"}],"curies":[{"name":"wp","href":"https:\/\/api.w.org\/{rel}","templated":true}]}}