{"id":194,"date":"2011-09-03T21:00:33","date_gmt":"2011-09-03T18:00:33","guid":{"rendered":"http:\/\/petterihyryla.fi\/blog\/?p=194"},"modified":"2013-05-17T22:05:25","modified_gmt":"2013-05-17T19:05:25","slug":"29-3-9-worthersee","status":"publish","type":"post","link":"https:\/\/petterihyryla.fi\/blog\/2011-8-9-kroatiaan\/29-3-9-worthersee\/","title":{"rendered":"3.9 W\u00f6rthersee"},"content":{"rendered":"<div id=\"attachment_198\" style=\"width: 310px\" class=\"wp-caption alignright\"><a href=\"https:\/\/petterihyryla.fi\/blog\/wp-content\/uploads\/2012\/05\/sammakko.jpg\"><img loading=\"lazy\" decoding=\"async\" aria-describedby=\"caption-attachment-198\" class=\"size-medium wp-image-198 \" title=\"sammakko\" alt=\"\" src=\"https:\/\/petterihyryla.fi\/blog\/wp-content\/uploads\/2012\/05\/sammakko-300x225.jpg\" width=\"300\" height=\"225\" srcset=\"https:\/\/petterihyryla.fi\/blog\/wp-content\/uploads\/2012\/05\/sammakko-300x225.jpg 300w, https:\/\/petterihyryla.fi\/blog\/wp-content\/uploads\/2012\/05\/sammakko-400x300.jpg 400w, https:\/\/petterihyryla.fi\/blog\/wp-content\/uploads\/2012\/05\/sammakko.jpg 640w\" sizes=\"auto, (max-width: 300px) 100vw, 300px\" \/><\/a><p id=\"caption-attachment-198\" class=\"wp-caption-text\">T\u00e4\u00e4ll\u00e4 on vissiin paljon sammakoita<\/p><\/div>\n<p>Aamu valkeni pilvisen\u00e4 ja sumuisenakin, mutta paikan omistaja v\u00e4itti ett\u00e4 kyll\u00e4 se aurinko kohta tulee esiin ja 30 astetta l\u00e4mp\u00f6\u00e4kin. T\u00e4m\u00e4 toteutuikin ja l\u00e4mm\u00f6n veikkaisin 26:ksi, mik\u00e4 on aika optimaalinen. Pakattiin p\u00e4iv\u00e4retkikamat per\u00e4laukkuun ja suunnistettiin j\u00e4rven it\u00e4p\u00e4\u00e4h\u00e4n Klagenfurtiin. Rantatie (vaihteeksi etel\u00e4puolta) oli kiva eik\u00e4 ollut yht\u00e4\u00e4n liian kuuma ajella hissukseenkaan. Pistettiin py\u00f6r\u00e4 keskustorille parkkiin ja P osti t-paidan ja istui kahvilaan kun E py\u00f6r\u00e4hteli l\u00e4hikaupoissa. Ajeltiin takaisin ja otettiin kyp\u00e4r\u00e4kameralla kuvaa, kun j\u00e4rvi oli t\u00e4ynn\u00e4 viikonloppua viett\u00e4vi\u00e4 purjehtijoita. Liek\u00f6 jotkut kilpailut?<\/p>\n<p>Pensionaatilla on oma auringonottolaituri j\u00e4rven rannalla, jossa otettiin v\u00e4h\u00e4n aurinkoa ja uitiin kirkkaassa W\u00f6rtherseess\u00e4. Vesi oli arviolta 22 ja mukavan l\u00e4mmint\u00e4, vaikka joki toikin jatkuvasti lis\u00e4\u00e4 raikasta vett\u00e4 l\u00e4hivuorilta. Pituus j\u00e4rvell\u00e4 on 16,5 km pitk\u00e4 ja 1,2 km leve\u00e4, syvyys keskelt\u00e4 jopa 87 m.<\/p>\n<div id=\"attachment_197\" style=\"width: 310px\" class=\"wp-caption alignright\"><a href=\"https:\/\/petterihyryla.fi\/blog\/wp-content\/uploads\/2012\/05\/rolssi.jpg\"><img loading=\"lazy\" decoding=\"async\" aria-describedby=\"caption-attachment-197\" class=\"wp-image-197 \" title=\"rolssi\" alt=\"\" src=\"https:\/\/petterihyryla.fi\/blog\/wp-content\/uploads\/2012\/05\/rolssi-300x225.jpg\" width=\"300\" height=\"225\" srcset=\"https:\/\/petterihyryla.fi\/blog\/wp-content\/uploads\/2012\/05\/rolssi-300x225.jpg 300w, https:\/\/petterihyryla.fi\/blog\/wp-content\/uploads\/2012\/05\/rolssi-400x300.jpg 400w, https:\/\/petterihyryla.fi\/blog\/wp-content\/uploads\/2012\/05\/rolssi.jpg 640w\" sizes=\"auto, (max-width: 300px) 100vw, 300px\" \/><\/a><p id=\"caption-attachment-197\" class=\"wp-caption-text\">T\u00e4\u00e4ll\u00e4 riitti Rollsia ja Ferraria<\/p><\/div>\n<div id=\"attachment_196\" style=\"width: 310px\" class=\"wp-caption alignright\"><a href=\"https:\/\/petterihyryla.fi\/blog\/wp-content\/uploads\/2012\/05\/hotski.jpg\"><img loading=\"lazy\" decoding=\"async\" aria-describedby=\"caption-attachment-196\" class=\"wp-image-196 \" title=\"hotski\" alt=\"\" src=\"https:\/\/petterihyryla.fi\/blog\/wp-content\/uploads\/2012\/05\/hotski-300x225.jpg\" width=\"300\" height=\"225\" srcset=\"https:\/\/petterihyryla.fi\/blog\/wp-content\/uploads\/2012\/05\/hotski-300x225.jpg 300w, https:\/\/petterihyryla.fi\/blog\/wp-content\/uploads\/2012\/05\/hotski-400x300.jpg 400w, https:\/\/petterihyryla.fi\/blog\/wp-content\/uploads\/2012\/05\/hotski.jpg 640w\" sizes=\"auto, (max-width: 300px) 100vw, 300px\" \/><\/a><p id=\"caption-attachment-196\" class=\"wp-caption-text\">Ja pitih\u00e4n rollssimiehille olla hyv\u00e4t hotellitkin<\/p><\/div>\n<p>Nelj\u00e4n aikaan sy\u00f6tiin pitsa puoliksi ja katseltiin ohimenevi\u00e4 harrikoita, ferrareita, aston martineja ja rolsseja. Tunnin aikana meni ehk\u00e4 5 eri ferraria ohi. On kuulemma ihan normaalia menoa. W\u00f6rthersee sanotaankin olevan It\u00e4vallan Monte Carlo. Ensi viikolla t\u00e4\u00e4ll\u00e4 alkaa Harley Davidsonien Euroopan kokoontuminen ja niit\u00e4 on sitten kuulemma ihan mahottomasti (on jo nytkin tosi paljon). \u00a0Nyt\u00a0 rannassa olevalla nurmialueella \u00a0on menossa jotkut viinijuhlat, joten illalla riitt\u00e4\u00e4 valkoviini\u00e4 ja r\u00e4ntt\u00e4t\u00e4ntt\u00e4musiikkia. Virallinen asu on nahkahoususortsit ,tietenkin.<\/p>\n<p>Huomenna suunnistammekin sitten jo Vicenzaan. Hotelli on \u00a0valmiiksi varattu, Hotel Continental, josta aiempaa kokemusta viikon takaa.<\/p>\n<p>T\u00e4ss\u00e4 Veldenin kyl\u00e4ll\u00e4 (tai voi olla jopa kaupunkikin&#8230;)ihan meit\u00e4 l\u00e4hell\u00e4 olevan Schloss-hotellin oli juuri viime viikolla ostanut joku saksalainen 49-vuotias markettimiljon\u00e4\u00e4ri, joka on majoittuneena ko. hotellin sviittiin paraikaa. H\u00e4nen rollsillaan ajelutetaan sit vieraita ymp\u00e4riins\u00e4. Herrasta oli ollut suuri juttu paikallisessa sanomalehdess\u00e4 ja sit\u00e4 p\u00e4ivitelty kovasti (l\u00e4hde: Intersportin myyj\u00e4). Samalla kun kuunneltiin kyl\u00e4n juorut ostettiin P:lle pari T-paitaa lis\u00e4\u00e4 (Musto ja Paul Shark!).<\/p>\n<div id=\"attachment_195\" style=\"width: 310px\" class=\"wp-caption alignright\"><a href=\"https:\/\/petterihyryla.fi\/blog\/wp-content\/uploads\/2012\/05\/viinikemut.jpg\"><img loading=\"lazy\" decoding=\"async\" aria-describedby=\"caption-attachment-195\" class=\"size-medium wp-image-195\" title=\"viinikemut\" alt=\"\" src=\"https:\/\/petterihyryla.fi\/blog\/wp-content\/uploads\/2012\/05\/viinikemut-300x225.jpg\" width=\"300\" height=\"225\" srcset=\"https:\/\/petterihyryla.fi\/blog\/wp-content\/uploads\/2012\/05\/viinikemut-300x225.jpg 300w, https:\/\/petterihyryla.fi\/blog\/wp-content\/uploads\/2012\/05\/viinikemut-400x300.jpg 400w, https:\/\/petterihyryla.fi\/blog\/wp-content\/uploads\/2012\/05\/viinikemut.jpg 640w\" sizes=\"auto, (max-width: 300px) 100vw, 300px\" \/><\/a><p id=\"caption-attachment-195\" class=\"wp-caption-text\">Paikalliset viinijuhlat<\/p><\/div>\n<p>E:n shoppaustulokset t\u00e4lt\u00e4 p\u00e4iv\u00e4lt\u00e4 Klagenfurtista: PIRTE\u00c4 musta jakku ja pari rannerengasta. Ei huono.Kiva kauppa t\u00e4k\u00e4l\u00e4inen Bonita, l\u00f6ytyy kuulemma muualtakin It\u00e4vallasta. Kaupan t\u00e4ti ymm\u00e4rsi , ett\u00e4 moottoripy\u00f6r\u00e4ll\u00e4 ei voi kuljettaa esim. p\u00e4\u00e4llystakkia vaan haeskeli sopivia pieneen tilaan mahtuvia vaatteita kokeiltavaksi&#8230;.Ja taas oli ihania kenki\u00e4 tarjolla!<\/p>\n","protected":false},"excerpt":{"rendered":"<p>Aamu valkeni pilvisen\u00e4 ja sumuisenakin, mutta paikan omistaja v\u00e4itti ett\u00e4 kyll\u00e4 se aurinko kohta tulee esiin ja 30 astetta l\u00e4mp\u00f6\u00e4kin. T\u00e4m\u00e4 toteutuikin ja l\u00e4mm\u00f6n veikkaisin 26:ksi, mik\u00e4 on aika optimaalinen. Pakattiin p\u00e4iv\u00e4retkikamat per\u00e4laukkuun ja suunnistettiin j\u00e4rven it\u00e4p\u00e4\u00e4h\u00e4n Klagenfurtiin. Rantatie (vaihteeksi &hellip; <a href=\"https:\/\/petterihyryla.fi\/blog\/2011-8-9-kroatiaan\/29-3-9-worthersee\/\">Continue reading <span class=\"meta-nav\">&rarr;<\/span><\/a><\/p>\n","protected":false},"author":4,"featured_media":0,"comment_status":"open","ping_status":"open","sticky":false,"template":"","format":"standard","meta":{"footnotes":""},"categories":[11],"tags":[],"class_list":["post-194","post","type-post","status-publish","format-standard","hentry","category-2011-8-9-kroatiaan"],"_links":{"self":[{"href":"https:\/\/petterihyryla.fi\/blog\/wp-json\/wp\/v2\/posts\/194","targetHints":{"allow":["GET"]}}],"collection":[{"href":"https:\/\/petterihyryla.fi\/blog\/wp-json\/wp\/v2\/posts"}],"about":[{"href":"https:\/\/petterihyryla.fi\/blog\/wp-json\/wp\/v2\/types\/post"}],"author":[{"embeddable":true,"href":"https:\/\/petterihyryla.fi\/blog\/wp-json\/wp\/v2\/users\/4"}],"replies":[{"embeddable":true,"href":"https:\/\/petterihyryla.fi\/blog\/wp-json\/wp\/v2\/comments?post=194"}],"version-history":[{"count":0,"href":"https:\/\/petterihyryla.fi\/blog\/wp-json\/wp\/v2\/posts\/194\/revisions"}],"wp:attachment":[{"href":"https:\/\/petterihyryla.fi\/blog\/wp-json\/wp\/v2\/media?parent=194"}],"wp:term":[{"taxonomy":"category","embeddable":true,"href":"https:\/\/petterihyryla.fi\/blog\/wp-json\/wp\/v2\/categories?post=194"},{"taxonomy":"post_tag","embeddable":true,"href":"https:\/\/petterihyryla.fi\/blog\/wp-json\/wp\/v2\/tags?post=194"}],"curies":[{"name":"wp","href":"https:\/\/api.w.org\/{rel}","templated":true}]}}