{"id":1946,"date":"2013-09-08T22:19:56","date_gmt":"2013-09-08T19:19:56","guid":{"rendered":"http:\/\/petterihyryla.fi\/blog\/?p=1946"},"modified":"2013-09-08T22:31:27","modified_gmt":"2013-09-08T19:31:27","slug":"8-9-venice-cortona","status":"publish","type":"post","link":"https:\/\/petterihyryla.fi\/blog\/2013-8-9-italiaan\/8-9-venice-cortona\/","title":{"rendered":"8.9 Venice &#8211; Cortona"},"content":{"rendered":"<div id=\"attachment_1945\" style=\"width: 310px\" class=\"wp-caption alignleft\"><a href=\"https:\/\/petterihyryla.fi\/blog\/wp-content\/uploads\/2013\/09\/Toscanaa-l\u00e4hentym\u00e4ss\u00e4.jpg\"><img loading=\"lazy\" decoding=\"async\" aria-describedby=\"caption-attachment-1945\" class=\"size-medium wp-image-1945 \" alt=\"L\u00e4hestyt\u00e4\u00e4n Toscanaa ja Cortonaa\" src=\"https:\/\/petterihyryla.fi\/blog\/wp-content\/uploads\/2013\/09\/Toscanaa-l\u00e4hentym\u00e4ss\u00e4-300x225.jpg\" width=\"300\" height=\"225\" srcset=\"https:\/\/petterihyryla.fi\/blog\/wp-content\/uploads\/2013\/09\/Toscanaa-l\u00e4hentym\u00e4ss\u00e4-300x225.jpg 300w, https:\/\/petterihyryla.fi\/blog\/wp-content\/uploads\/2013\/09\/Toscanaa-l\u00e4hentym\u00e4ss\u00e4-624x468.jpg 624w, https:\/\/petterihyryla.fi\/blog\/wp-content\/uploads\/2013\/09\/Toscanaa-l\u00e4hentym\u00e4ss\u00e4.jpg 1023w\" sizes=\"auto, (max-width: 300px) 100vw, 300px\" \/><\/a><p id=\"caption-attachment-1945\" class=\"wp-caption-text\">L\u00e4hestyt\u00e4\u00e4n Cortonaa Toscanassa<\/p><\/div>\n<p>Ja niin ysilt\u00e4 startattiin kohti etel\u00e4\u00e4. Maisema vaihtui Bolognan kohdalla tasamaastosta kumpuilevaksi Toscanan maisemaksi. Ensin kiivettiin yl\u00f6s ja sitten laskeuduttin johonkin 500 metriin. Ylh\u00e4\u00e4ll\u00e4 pilvisess\u00e4 keliss\u00e4 l\u00e4mp\u00f6tila putosi 21:een mutta nousi taas 30:iin kun laskeuduttiin ja aurinko tuli esiin.<\/p>\n<p><a href=\"https:\/\/petterihyryla.fi\/blog\/wp-content\/uploads\/2013\/09\/Cortona1.jpg\"><img loading=\"lazy\" decoding=\"async\" class=\"alignleft size-medium wp-image-1942\" alt=\"Cortona1\" src=\"https:\/\/petterihyryla.fi\/blog\/wp-content\/uploads\/2013\/09\/Cortona1-300x225.jpg\" width=\"300\" height=\"225\" srcset=\"https:\/\/petterihyryla.fi\/blog\/wp-content\/uploads\/2013\/09\/Cortona1-300x225.jpg 300w, https:\/\/petterihyryla.fi\/blog\/wp-content\/uploads\/2013\/09\/Cortona1-624x468.jpg 624w, https:\/\/petterihyryla.fi\/blog\/wp-content\/uploads\/2013\/09\/Cortona1.jpg 1023w\" sizes=\"auto, (max-width: 300px) 100vw, 300px\" \/><\/a>Matkalla p\u00e4\u00e4tettiin kohteeksi Cortona, jonka olin talvella katsonut yhdeksi kivoista paikoista. Cortona sijaitsee korkealla m\u00e4ell\u00e4 muurien ymp\u00e4r\u00f6im\u00e4n\u00e4 (vanha kaupunki). N\u00e4k\u00f6alat ovat ylh\u00e4\u00e4lt\u00e4 todella upeat ja tuntuu ett\u00e4 t\u00e4\u00e4lt\u00e4h\u00e4n ne t\u00e4ytyy olla otettu ne kaikki Toscanan kalenterikuvat. Niin samann\u00e4k\u00f6ist\u00e4 postikorttimaisemaa ymp\u00e4rill\u00e4 on.<\/p>\n<div id=\"attachment_1944\" style=\"width: 310px\" class=\"wp-caption alignleft\"><a href=\"https:\/\/petterihyryla.fi\/blog\/wp-content\/uploads\/2013\/09\/Sabrina-hotelli.jpg\"><img loading=\"lazy\" decoding=\"async\" aria-describedby=\"caption-attachment-1944\" class=\"size-medium wp-image-1944\" alt=\"Sabrina hotelli\" src=\"https:\/\/petterihyryla.fi\/blog\/wp-content\/uploads\/2013\/09\/Sabrina-hotelli-300x225.jpg\" width=\"300\" height=\"225\" srcset=\"https:\/\/petterihyryla.fi\/blog\/wp-content\/uploads\/2013\/09\/Sabrina-hotelli-300x225.jpg 300w, https:\/\/petterihyryla.fi\/blog\/wp-content\/uploads\/2013\/09\/Sabrina-hotelli-624x468.jpg 624w, https:\/\/petterihyryla.fi\/blog\/wp-content\/uploads\/2013\/09\/Sabrina-hotelli.jpg 1023w\" sizes=\"auto, (max-width: 300px) 100vw, 300px\" \/><\/a><p id=\"caption-attachment-1944\" class=\"wp-caption-text\">Hotelli Sabrina<\/p><\/div>\n<p>Seuraavaksi oli edess\u00e4 y\u00f6paikan etsint\u00e4. Homma oli sik\u00e4li ik\u00e4v\u00e4 ett\u00e4 oli se 30 graadia ja hiki valkui solkenaan kun ei ollut ajoviima j\u00e4\u00e4hdytt\u00e4m\u00e4ss\u00e4. Kumminkin oli paksut ajovehkeet p\u00e4\u00e4ll\u00e4. Eija bongasi hotellin nimelt\u00e4 Sabrina (=meid\u00e4n veneen nimi) ja sinne oli ihan pakko p\u00e4\u00e4st\u00e4. Onneksi se osoittautui kivaksi hotelliksi vaikka ilmastointia ei ollutkaan. Honda j\u00e4i parkkiin p\u00e4\u00e4oven viereen, kyll\u00e4 kai se siin\u00e4 s\u00e4ilyy.<\/p>\n<p><a href=\"https:\/\/petterihyryla.fi\/blog\/wp-content\/uploads\/2013\/09\/Cortonan-asukit.jpg\"><img loading=\"lazy\" decoding=\"async\" class=\"alignleft size-medium wp-image-1950\" alt=\"Cortonan asukit\" src=\"https:\/\/petterihyryla.fi\/blog\/wp-content\/uploads\/2013\/09\/Cortonan-asukit-300x225.jpg\" width=\"300\" height=\"225\" srcset=\"https:\/\/petterihyryla.fi\/blog\/wp-content\/uploads\/2013\/09\/Cortonan-asukit-300x225.jpg 300w, https:\/\/petterihyryla.fi\/blog\/wp-content\/uploads\/2013\/09\/Cortonan-asukit-624x468.jpg 624w, https:\/\/petterihyryla.fi\/blog\/wp-content\/uploads\/2013\/09\/Cortonan-asukit.jpg 1023w\" sizes=\"auto, (max-width: 300px) 100vw, 300px\" \/><\/a>Liikkuminen vanhassa kaupungissa oli v\u00e4h\u00e4n hankalaa sill\u00e4 teit\u00e4 voi ajaa vain yhteen suuntaan (olivat tosi kapeita) ja ne olivat hyvin jyrkki\u00e4 mukulakivikatuja. K\u00e4veltiin ymp\u00e4riins\u00e4 ja Eijan olisi halunnut ostaa monta laukkua, mutta toistaiseksi selvittiin ilman laukkuostoksia.<\/p>\n<p>Illalla sy\u00f6tiin viereisesss\u00e4 kuppilassa pastaa ja v\u00e4h\u00e4n chiantia palan painikkeeksi ja arvaatte varmaan ett\u00e4 hyv\u00e4\u00e4 oli.<\/p>\n","protected":false},"excerpt":{"rendered":"<p>Ja niin ysilt\u00e4 startattiin kohti etel\u00e4\u00e4. Maisema vaihtui Bolognan kohdalla tasamaastosta kumpuilevaksi Toscanan maisemaksi. Ensin kiivettiin yl\u00f6s ja sitten laskeuduttin johonkin 500 metriin. Ylh\u00e4\u00e4ll\u00e4 pilvisess\u00e4 keliss\u00e4 l\u00e4mp\u00f6tila putosi 21:een mutta nousi taas 30:iin kun laskeuduttiin ja aurinko tuli esiin. Matkalla &hellip; <a href=\"https:\/\/petterihyryla.fi\/blog\/2013-8-9-italiaan\/8-9-venice-cortona\/\">Continue reading <span class=\"meta-nav\">&rarr;<\/span><\/a><\/p>\n","protected":false},"author":4,"featured_media":0,"comment_status":"open","ping_status":"open","sticky":false,"template":"","format":"standard","meta":{"footnotes":""},"categories":[18],"tags":[],"class_list":["post-1946","post","type-post","status-publish","format-standard","hentry","category-2013-8-9-italiaan"],"_links":{"self":[{"href":"https:\/\/petterihyryla.fi\/blog\/wp-json\/wp\/v2\/posts\/1946","targetHints":{"allow":["GET"]}}],"collection":[{"href":"https:\/\/petterihyryla.fi\/blog\/wp-json\/wp\/v2\/posts"}],"about":[{"href":"https:\/\/petterihyryla.fi\/blog\/wp-json\/wp\/v2\/types\/post"}],"author":[{"embeddable":true,"href":"https:\/\/petterihyryla.fi\/blog\/wp-json\/wp\/v2\/users\/4"}],"replies":[{"embeddable":true,"href":"https:\/\/petterihyryla.fi\/blog\/wp-json\/wp\/v2\/comments?post=1946"}],"version-history":[{"count":0,"href":"https:\/\/petterihyryla.fi\/blog\/wp-json\/wp\/v2\/posts\/1946\/revisions"}],"wp:attachment":[{"href":"https:\/\/petterihyryla.fi\/blog\/wp-json\/wp\/v2\/media?parent=1946"}],"wp:term":[{"taxonomy":"category","embeddable":true,"href":"https:\/\/petterihyryla.fi\/blog\/wp-json\/wp\/v2\/categories?post=1946"},{"taxonomy":"post_tag","embeddable":true,"href":"https:\/\/petterihyryla.fi\/blog\/wp-json\/wp\/v2\/tags?post=1946"}],"curies":[{"name":"wp","href":"https:\/\/api.w.org\/{rel}","templated":true}]}}