{"id":251,"date":"2012-06-03T22:47:34","date_gmt":"2012-06-03T19:47:34","guid":{"rendered":"http:\/\/petterihyryla.fi\/blog\/?p=251"},"modified":"2013-05-17T21:24:00","modified_gmt":"2013-05-17T18:24:00","slug":"04-3-6-munich-kaprun","status":"publish","type":"post","link":"https:\/\/petterihyryla.fi\/blog\/2012-06-itavaltaan\/04-3-6-munich-kaprun\/","title":{"rendered":"3.6 Munich &#8211; Kaprun (AUT)"},"content":{"rendered":"<div id=\"attachment_252\" style=\"width: 310px\" class=\"wp-caption alignright\"><a href=\"https:\/\/petterihyryla.fi\/blog\/wp-content\/uploads\/2012\/06\/Eija.jpg\"><img loading=\"lazy\" decoding=\"async\" aria-describedby=\"caption-attachment-252\" class=\"size-medium wp-image-252\" title=\"Eija\" alt=\"\" src=\"https:\/\/petterihyryla.fi\/blog\/wp-content\/uploads\/2012\/06\/Eija-300x225.jpg\" width=\"300\" height=\"225\" srcset=\"https:\/\/petterihyryla.fi\/blog\/wp-content\/uploads\/2012\/06\/Eija-300x225.jpg 300w, https:\/\/petterihyryla.fi\/blog\/wp-content\/uploads\/2012\/06\/Eija-399x300.jpg 399w, https:\/\/petterihyryla.fi\/blog\/wp-content\/uploads\/2012\/06\/Eija.jpg 1023w\" sizes=\"auto, (max-width: 300px) 100vw, 300px\" \/><\/a><p id=\"caption-attachment-252\" class=\"wp-caption-text\">Eijakin l\u00f6ytyi matkaan<\/p><\/div>\n<p>Eija saapui kuten pitikin 12.20 lentoasemalla. Kun ajoin hakemaan niin piti vet\u00e4\u00e4 eka kertaa reissulla sadekamppeet p\u00e4\u00e4lle, joka oli aika hiostava toimenpide kun l\u00e4mp\u00f6tila oli 23-25. Onneksi sade kuitenkin loppui ja lentoasemalla haalari jouti jo pakettiin.<\/p>\n<div id=\"attachment_254\" style=\"width: 310px\" class=\"wp-caption alignright\"><a href=\"https:\/\/petterihyryla.fi\/blog\/wp-content\/uploads\/2012\/06\/Vignette.jpg\"><img loading=\"lazy\" decoding=\"async\" aria-describedby=\"caption-attachment-254\" class=\"size-medium wp-image-254\" title=\"Vignette\" alt=\"\" src=\"https:\/\/petterihyryla.fi\/blog\/wp-content\/uploads\/2012\/06\/Vignette-300x225.jpg\" width=\"300\" height=\"225\" srcset=\"https:\/\/petterihyryla.fi\/blog\/wp-content\/uploads\/2012\/06\/Vignette-300x225.jpg 300w, https:\/\/petterihyryla.fi\/blog\/wp-content\/uploads\/2012\/06\/Vignette-399x300.jpg 399w, https:\/\/petterihyryla.fi\/blog\/wp-content\/uploads\/2012\/06\/Vignette.jpg 1023w\" sizes=\"auto, (max-width: 300px) 100vw, 300px\" \/><\/a><p id=\"caption-attachment-254\" class=\"wp-caption-text\">Tarroja taas liimailtiin<\/p><\/div>\n<p>Surautimme It\u00e4vallan puolelle, It\u00e4vallan Vignette (moottoritielupa) liimattiin pleksiin ja maisemat muuttuivat heti alpeiksi, laaksoiksi ja piparkakkutaloiksi. T\u00e4\u00e4ll\u00e4 voisi viett\u00e4\u00e4 vaikka koko loman ainakin hienojen maisemien puolesta.<\/p>\n<p>M\u00e4\u00e4r\u00e4np\u00e4\u00e4 l\u00f6ytyi ja navi ohjasi sinne kuuliaisesti sill\u00e4 olin jo etuk\u00e4teen varannut\u00a0 booking.com&#8217;sta Hotel zur Burgin. T\u00e4\u00e4ll\u00e4 tosin n\u00e4ytt\u00e4\u00e4 olevan runsaasti vapaata, mutta onhan se kiva ettei tarvitse etsiskell\u00e4 huonetta ainakin Eijan ekana reissup\u00e4iv\u00e4n\u00e4.<\/p>\n<p>Saa n\u00e4hd\u00e4 mik\u00e4 on huominen ohjelma sill\u00e4 lupasi aikamoista sadetta koko p\u00e4iv\u00e4ksi. L\u00e4nnest\u00e4 tulee joku rintama. To be continued&#8230;<\/p>\n<div id=\"attachment_265\" style=\"width: 280px\" class=\"wp-caption alignright\"><a href=\"https:\/\/petterihyryla.fi\/blog\/wp-content\/uploads\/2012\/06\/alpit.jpg\"><img loading=\"lazy\" decoding=\"async\" aria-describedby=\"caption-attachment-265\" class=\" wp-image-265 \" title=\"alpit\" alt=\"\" src=\"https:\/\/petterihyryla.fi\/blog\/wp-content\/uploads\/2012\/06\/alpit-300x225.jpg\" width=\"270\" height=\"203\" srcset=\"https:\/\/petterihyryla.fi\/blog\/wp-content\/uploads\/2012\/06\/alpit-300x225.jpg 300w, https:\/\/petterihyryla.fi\/blog\/wp-content\/uploads\/2012\/06\/alpit-400x300.jpg 400w, https:\/\/petterihyryla.fi\/blog\/wp-content\/uploads\/2012\/06\/alpit.jpg 1024w\" sizes=\"auto, (max-width: 270px) 100vw, 270px\" \/><\/a><p id=\"caption-attachment-265\" class=\"wp-caption-text\">Vai mit\u00e4?<\/p><\/div>\n<div id=\"attachment_253\" style=\"width: 280px\" class=\"wp-caption alignright\"><a href=\"https:\/\/petterihyryla.fi\/blog\/wp-content\/uploads\/2012\/06\/Ekatvuoret.jpg\"><img loading=\"lazy\" decoding=\"async\" aria-describedby=\"caption-attachment-253\" class=\" wp-image-253\" title=\"Ekatvuoret\" alt=\"\" src=\"https:\/\/petterihyryla.fi\/blog\/wp-content\/uploads\/2012\/06\/Ekatvuoret-300x225.jpg\" width=\"270\" height=\"203\" srcset=\"https:\/\/petterihyryla.fi\/blog\/wp-content\/uploads\/2012\/06\/Ekatvuoret-300x225.jpg 300w, https:\/\/petterihyryla.fi\/blog\/wp-content\/uploads\/2012\/06\/Ekatvuoret-399x300.jpg 399w, https:\/\/petterihyryla.fi\/blog\/wp-content\/uploads\/2012\/06\/Ekatvuoret.jpg 1023w\" sizes=\"auto, (max-width: 270px) 100vw, 270px\" \/><\/a><p id=\"caption-attachment-253\" class=\"wp-caption-text\">Alppimaisemat olivat upeita.<\/p><\/div>\n","protected":false},"excerpt":{"rendered":"<p>Eija saapui kuten pitikin 12.20 lentoasemalla. Kun ajoin hakemaan niin piti vet\u00e4\u00e4 eka kertaa reissulla sadekamppeet p\u00e4\u00e4lle, joka oli aika hiostava toimenpide kun l\u00e4mp\u00f6tila oli 23-25. Onneksi sade kuitenkin loppui ja lentoasemalla haalari jouti jo pakettiin. Surautimme It\u00e4vallan puolelle, It\u00e4vallan &hellip; <a href=\"https:\/\/petterihyryla.fi\/blog\/2012-06-itavaltaan\/04-3-6-munich-kaprun\/\">Continue reading <span class=\"meta-nav\">&rarr;<\/span><\/a><\/p>\n","protected":false},"author":4,"featured_media":0,"comment_status":"open","ping_status":"open","sticky":false,"template":"","format":"standard","meta":{"footnotes":""},"categories":[12],"tags":[],"class_list":["post-251","post","type-post","status-publish","format-standard","hentry","category-2012-06-itavaltaan"],"_links":{"self":[{"href":"https:\/\/petterihyryla.fi\/blog\/wp-json\/wp\/v2\/posts\/251","targetHints":{"allow":["GET"]}}],"collection":[{"href":"https:\/\/petterihyryla.fi\/blog\/wp-json\/wp\/v2\/posts"}],"about":[{"href":"https:\/\/petterihyryla.fi\/blog\/wp-json\/wp\/v2\/types\/post"}],"author":[{"embeddable":true,"href":"https:\/\/petterihyryla.fi\/blog\/wp-json\/wp\/v2\/users\/4"}],"replies":[{"embeddable":true,"href":"https:\/\/petterihyryla.fi\/blog\/wp-json\/wp\/v2\/comments?post=251"}],"version-history":[{"count":0,"href":"https:\/\/petterihyryla.fi\/blog\/wp-json\/wp\/v2\/posts\/251\/revisions"}],"wp:attachment":[{"href":"https:\/\/petterihyryla.fi\/blog\/wp-json\/wp\/v2\/media?parent=251"}],"wp:term":[{"taxonomy":"category","embeddable":true,"href":"https:\/\/petterihyryla.fi\/blog\/wp-json\/wp\/v2\/categories?post=251"},{"taxonomy":"post_tag","embeddable":true,"href":"https:\/\/petterihyryla.fi\/blog\/wp-json\/wp\/v2\/tags?post=251"}],"curies":[{"name":"wp","href":"https:\/\/api.w.org\/{rel}","templated":true}]}}