{"id":261,"date":"2012-06-04T22:17:45","date_gmt":"2012-06-04T19:17:45","guid":{"rendered":"http:\/\/petterihyryla.fi\/blog\/?p=261"},"modified":"2013-05-17T21:31:34","modified_gmt":"2013-05-17T18:31:34","slug":"05-4-6-kaprun-st-anton","status":"publish","type":"post","link":"https:\/\/petterihyryla.fi\/blog\/2012-06-itavaltaan\/05-4-6-kaprun-st-anton\/","title":{"rendered":"4.6 Kaprun-StAnton"},"content":{"rendered":"<div id=\"attachment_266\" style=\"width: 310px\" class=\"wp-caption alignright\"><a href=\"https:\/\/petterihyryla.fi\/blog\/wp-content\/uploads\/2012\/06\/grossglockner.jpg\"><img loading=\"lazy\" decoding=\"async\" aria-describedby=\"caption-attachment-266\" class=\"size-medium wp-image-266\" title=\"grossglockner\" alt=\"\" src=\"https:\/\/petterihyryla.fi\/blog\/wp-content\/uploads\/2012\/06\/grossglockner-300x225.jpg\" width=\"300\" height=\"225\" srcset=\"https:\/\/petterihyryla.fi\/blog\/wp-content\/uploads\/2012\/06\/grossglockner-300x225.jpg 300w, https:\/\/petterihyryla.fi\/blog\/wp-content\/uploads\/2012\/06\/grossglockner-400x300.jpg 400w, https:\/\/petterihyryla.fi\/blog\/wp-content\/uploads\/2012\/06\/grossglockner.jpg 1024w\" sizes=\"auto, (max-width: 300px) 100vw, 300px\" \/><\/a><p id=\"caption-attachment-266\" class=\"wp-caption-text\">Grosslockner houkuttelisi mutta ei t\u00e4ll\u00e4 ilmalla<\/p><\/div>\n<p>Valitettavasti ennusteet pitiv\u00e4t paikkansa ja aamulla satoi. P\u00e4\u00e4tettiin ettei l\u00e4hdet\u00e4 Grossglocknerille, koska siell\u00e4 ei olisi n\u00e4hnyt mit\u00e4\u00e4n ja my\u00f6hemmin ilmeni ett\u00e4 olisi varmaan olleet my\u00f6s tiet j\u00e4\u00e4ss\u00e4. Sen sijaan suunnattiin kohti Liechtensteinia ja matkalle suunniteltiin k\u00e4ynti\u00e4 Krimmlin vesiputouksilla, jotka olivat euroopan suurimpia.<\/p>\n<p>Siisp\u00e4 kiskottiin sadehaalarit niskaan ja matkaan. L\u00e4mp\u00f6tila oli pudonnut edellisen<\/p>\n<div id=\"attachment_268\" style=\"width: 235px\" class=\"wp-caption alignright\"><a href=\"https:\/\/petterihyryla.fi\/blog\/wp-content\/uploads\/2012\/06\/putous.jpg\"><img loading=\"lazy\" decoding=\"async\" aria-describedby=\"caption-attachment-268\" class=\"size-medium wp-image-268\" title=\"putous\" alt=\"\" src=\"https:\/\/petterihyryla.fi\/blog\/wp-content\/uploads\/2012\/06\/putous-225x300.jpg\" width=\"225\" height=\"300\" srcset=\"https:\/\/petterihyryla.fi\/blog\/wp-content\/uploads\/2012\/06\/putous-225x300.jpg 225w, https:\/\/petterihyryla.fi\/blog\/wp-content\/uploads\/2012\/06\/putous.jpg 576w\" sizes=\"auto, (max-width: 225px) 100vw, 225px\" \/><\/a><p id=\"caption-attachment-268\" class=\"wp-caption-text\">Krimmlin vesiputoukset. Suurimmat euroopassa.<\/p><\/div>\n<p>p\u00e4iv\u00e4n 25:st\u00e4 8:saan. Matka kulki pitkin kyl\u00e4teit\u00e4,<\/p>\n<p>joten ei tullut kovin kylm\u00e4.<\/p>\n<p>Tultiin putouksille, mutta satoi niin ett\u00e4 katseltiin putouksia vain ravintolan ikkunasta. Komeita olivat, 380 m putouskorkeus.<\/p>\n<p>Sitten serpenttiini\u00e4 yl\u00f6sp\u00e4in Gerlos passolle (1650 m). Siell\u00e4 satoi jo sitten r\u00e4nt\u00e4\u00e4 ja l\u00e4mp\u00f6tila oli vain +2. Alastullessa oli P:n hanskat jo niin m\u00e4r\u00e4t ett\u00e4 pikkurillist\u00e4 h\u00e4visi tunto, joten piti pys\u00e4hty\u00e4.<\/p>\n<p>Onneksi seuraavasta kyl\u00e4st\u00e4 l\u00f6ytyi lasketteluhanskat, jotenmatka jatkui. Sade onneksi lakkasi (v\u00e4h\u00e4ksi aikaa) ja jatkettiin St Antoniin, josta varattiin huone Sport Hotellista.<\/p>\n<div id=\"attachment_267\" style=\"width: 310px\" class=\"wp-caption alignright\"><a href=\"https:\/\/petterihyryla.fi\/blog\/wp-content\/uploads\/2012\/06\/pitsitalo.jpg\"><img loading=\"lazy\" decoding=\"async\" aria-describedby=\"caption-attachment-267\" class=\"size-medium wp-image-267\" alt=\"Voisiko talo en\u00e4\u00e4 n\u00e4timpi olla\" src=\"https:\/\/petterihyryla.fi\/blog\/wp-content\/uploads\/2012\/06\/pitsitalo-300x225.jpg\" width=\"300\" height=\"225\" srcset=\"https:\/\/petterihyryla.fi\/blog\/wp-content\/uploads\/2012\/06\/pitsitalo-300x225.jpg 300w, https:\/\/petterihyryla.fi\/blog\/wp-content\/uploads\/2012\/06\/pitsitalo-400x300.jpg 400w, https:\/\/petterihyryla.fi\/blog\/wp-content\/uploads\/2012\/06\/pitsitalo.jpg 1024w\" sizes=\"auto, (max-width: 300px) 100vw, 300px\" \/><\/a><p id=\"caption-attachment-267\" class=\"wp-caption-text\">Voisiko talo en\u00e4\u00e4 n\u00e4timpi olla<\/p><\/div>\n<p>Hiljainen kyl\u00e4 n\u00e4in kes\u00e4sesonkina.<\/p>\n<p>Kreisi Kenguru on kes\u00e4ll\u00e4 kiinni.<\/p>\n","protected":false},"excerpt":{"rendered":"<p>Valitettavasti ennusteet pitiv\u00e4t paikkansa ja aamulla satoi. P\u00e4\u00e4tettiin ettei l\u00e4hdet\u00e4 Grossglocknerille, koska siell\u00e4 ei olisi n\u00e4hnyt mit\u00e4\u00e4n ja my\u00f6hemmin ilmeni ett\u00e4 olisi varmaan olleet my\u00f6s tiet j\u00e4\u00e4ss\u00e4. Sen sijaan suunnattiin kohti Liechtensteinia ja matkalle suunniteltiin k\u00e4ynti\u00e4 Krimmlin vesiputouksilla, jotka olivat &hellip; <a href=\"https:\/\/petterihyryla.fi\/blog\/2012-06-itavaltaan\/05-4-6-kaprun-st-anton\/\">Continue reading <span class=\"meta-nav\">&rarr;<\/span><\/a><\/p>\n","protected":false},"author":4,"featured_media":0,"comment_status":"open","ping_status":"open","sticky":false,"template":"","format":"standard","meta":{"footnotes":""},"categories":[12],"tags":[],"class_list":["post-261","post","type-post","status-publish","format-standard","hentry","category-2012-06-itavaltaan"],"_links":{"self":[{"href":"https:\/\/petterihyryla.fi\/blog\/wp-json\/wp\/v2\/posts\/261","targetHints":{"allow":["GET"]}}],"collection":[{"href":"https:\/\/petterihyryla.fi\/blog\/wp-json\/wp\/v2\/posts"}],"about":[{"href":"https:\/\/petterihyryla.fi\/blog\/wp-json\/wp\/v2\/types\/post"}],"author":[{"embeddable":true,"href":"https:\/\/petterihyryla.fi\/blog\/wp-json\/wp\/v2\/users\/4"}],"replies":[{"embeddable":true,"href":"https:\/\/petterihyryla.fi\/blog\/wp-json\/wp\/v2\/comments?post=261"}],"version-history":[{"count":0,"href":"https:\/\/petterihyryla.fi\/blog\/wp-json\/wp\/v2\/posts\/261\/revisions"}],"wp:attachment":[{"href":"https:\/\/petterihyryla.fi\/blog\/wp-json\/wp\/v2\/media?parent=261"}],"wp:term":[{"taxonomy":"category","embeddable":true,"href":"https:\/\/petterihyryla.fi\/blog\/wp-json\/wp\/v2\/categories?post=261"},{"taxonomy":"post_tag","embeddable":true,"href":"https:\/\/petterihyryla.fi\/blog\/wp-json\/wp\/v2\/tags?post=261"}],"curies":[{"name":"wp","href":"https:\/\/api.w.org\/{rel}","templated":true}]}}