{"id":2726,"date":"2015-06-12T18:18:42","date_gmt":"2015-06-12T15:18:42","guid":{"rendered":"http:\/\/petterihyryla.fi\/blog\/?p=2726"},"modified":"2016-09-22T10:37:15","modified_gmt":"2016-09-22T07:37:15","slug":"12-6-imatra-kakovesi","status":"publish","type":"post","link":"https:\/\/petterihyryla.fi\/blog\/2015-6-valamoon\/12-6-imatra-kakovesi\/","title":{"rendered":"12.6 Imatra-K\u00e4k\u00f6vesi"},"content":{"rendered":"<p>Ja niin se aamu koitti ja pitk\u00e4\u00e4n suunniteltu reissu oli edess\u00e4. Ja tietysti satoi. No sadetutka onneksi ennusti ett\u00e4 sade lakkaa klo 11 ja sataisi enemm\u00e4nkin\u00a0 etel\u00e4ss\u00e4.<\/p>\n<p>Starttasin klo 9.20 kohti Puumalaa sadehaalari p\u00e4\u00e4ll\u00e4. Haalari ei ole hirmu hauska asu, mutta viile\u00e4ll\u00e4 kelill\u00e4 menettelee. Eik\u00e4 ollutkaan yht\u00e4\u00e4n kylm\u00e4 vaikka l\u00e4mp\u00f6tila oli 11-12. Puumalassa odottelin kahvikupposen edess\u00e4 kaikessa rauhassa kunnes n\u00e4ytti melko kuivalta.<\/p>\n<p>L\u00e4htiess\u00e4 tapasin parkkipaikalla M\u00e4\u00e4tt\u00e4sen Sepon joka ihmetteli miksi olen teltan kanssa reissussa. No sain taas selitt\u00e4\u00e4 ett\u00e4 hienolla ilmalla telttailu luonnonhelmassa on mukavampaa kuin hotellista. No toivottavasti ilmat eiv\u00e4t pet\u00e4.<\/p>\n<p>Sitten kohti Sulkavaa ja Savonlinnaa. Muutama pisara tuli matkalla mutta ei kastellut tiet\u00e4 eik\u00e4 kuskia. Tie oli taas kertaalleen nautinnollinen ja naatiskelin mutkista ja V4 -koneen tehokkaasta murinasta. Kyll\u00e4 nyt kelpaa.<\/p>\n<p>Kun tulin suuremmalle tiell\u00e4 ei pelkk\u00e4 koneen murina en\u00e4\u00e4 riitt\u00e4nyt ja niinp\u00e4 pistin Garminista soimaan Hectoria. Fiilinkiin sopi hyvin &#8220;Suomi-Neito &#8211; American Pie&#8221; -piisi; &#8220;&#8230;siunattu on ruumiisi tuo&#8230;&#8221;. Kyll\u00e4 Suomi on kaunista ajella ja etenkin moottoripy\u00f6r\u00e4ll\u00e4.<\/p>\n<div id=\"attachment_2730\" style=\"width: 650px\" class=\"wp-caption alignleft\"><a href=\"https:\/\/petterihyryla.fi\/blog\/wp-content\/uploads\/2015\/06\/Majakassa.jpg\"><img loading=\"lazy\" decoding=\"async\" aria-describedby=\"caption-attachment-2730\" class=\"wp-image-2730 size-medium\" src=\"https:\/\/petterihyryla.fi\/blog\/wp-content\/uploads\/2015\/06\/Majakassa-640x481.jpg\" alt=\"Majakassa oli hyv\u00e4\u00e4 Lindstr\u00f6min pihvi\u00e4.\" width=\"640\" height=\"481\" srcset=\"https:\/\/petterihyryla.fi\/blog\/wp-content\/uploads\/2015\/06\/Majakassa-640x481.jpg 640w, https:\/\/petterihyryla.fi\/blog\/wp-content\/uploads\/2015\/06\/Majakassa-624x469.jpg 624w, https:\/\/petterihyryla.fi\/blog\/wp-content\/uploads\/2015\/06\/Majakassa.jpg 1022w\" sizes=\"auto, (max-width: 640px) 100vw, 640px\" \/><\/a><p id=\"caption-attachment-2730\" class=\"wp-caption-text\">Majakassa oli hyv\u00e4\u00e4 Lindstr\u00f6min pihvi\u00e4.<\/p><\/div>\n<p>Savonlinnassa py\u00f6r\u00e4ytin Ravintola Majakan eteen ja s\u00f6in Lindstr\u00f6min pihvin. V\u00e4h\u00e4n ep\u00e4ilin valintaa, mutta sitten ihmettelin ett\u00e4 miten n\u00e4in tavallinen ruoka voi olla n\u00e4in hyv\u00e4\u00e4. Majakka ei taaskaan pett\u00e4nyt.<\/p>\n<div id=\"attachment_2729\" style=\"width: 650px\" class=\"wp-caption alignleft\"><a href=\"https:\/\/petterihyryla.fi\/blog\/wp-content\/uploads\/2015\/06\/Enonkoskella.jpg\"><img loading=\"lazy\" decoding=\"async\" aria-describedby=\"caption-attachment-2729\" class=\"wp-image-2729 size-medium\" src=\"https:\/\/petterihyryla.fi\/blog\/wp-content\/uploads\/2015\/06\/Enonkoskella-640x481.jpg\" alt=\"Enonkosken yli johtaa hieno kivisilta.\" width=\"640\" height=\"481\" srcset=\"https:\/\/petterihyryla.fi\/blog\/wp-content\/uploads\/2015\/06\/Enonkoskella-640x481.jpg 640w, https:\/\/petterihyryla.fi\/blog\/wp-content\/uploads\/2015\/06\/Enonkoskella-624x469.jpg 624w, https:\/\/petterihyryla.fi\/blog\/wp-content\/uploads\/2015\/06\/Enonkoskella.jpg 1022w\" sizes=\"auto, (max-width: 640px) 100vw, 640px\" \/><\/a><p id=\"caption-attachment-2729\" class=\"wp-caption-text\">Enonkosken yli johtaa hieno kivisilta.<\/p><\/div>\n<p>Seuraavaksi ajoin Enonkoskelle. Keskell\u00e4 kyl\u00e4\u00e4 kosken vieress\u00e4 oli pieni museokahvila jota \u00e4iti ja poika pitiv\u00e4t. He ehdottivat ett\u00e4 aja K\u00e4k\u00f6vedelle. Siell\u00e4 on hyv\u00e4 kuiva kangaspaikka telttailla. Siisp\u00e4 suunnistin sinne.<\/p>\n<p>Upea paikka. V\u00e4h\u00e4n tunnelma k\u00e4rsi pienest\u00e4 sadekuurosta ja sen j\u00e4lkeisist\u00e4 itikoista. Mutta aivan upea paikka ja voittaa varmasti kuusi nolla perushotellin. Nyt seuraavaksi kokkailemaan Trangialla hernekeittoa ja lettuja j\u00e4lkiruuaksi. Ja sit\u00e4 punaviini\u00e4.<\/p>\n<div id=\"attachment_2757\" style=\"width: 650px\" class=\"wp-caption aligncenter\"><a href=\"https:\/\/petterihyryla.fi\/blog\/wp-content\/uploads\/2015\/06\/Rokan-keitossa.jpg\"><img loading=\"lazy\" decoding=\"async\" aria-describedby=\"caption-attachment-2757\" class=\"size-medium wp-image-2757\" src=\"https:\/\/petterihyryla.fi\/blog\/wp-content\/uploads\/2015\/06\/Rokan-keitossa-640x480.jpg\" alt=\"Hernekeitto maistui luonnonkauniilla paikalla.\" width=\"640\" height=\"480\" srcset=\"https:\/\/petterihyryla.fi\/blog\/wp-content\/uploads\/2015\/06\/Rokan-keitossa-640x480.jpg 640w, https:\/\/petterihyryla.fi\/blog\/wp-content\/uploads\/2015\/06\/Rokan-keitossa-624x468.jpg 624w, https:\/\/petterihyryla.fi\/blog\/wp-content\/uploads\/2015\/06\/Rokan-keitossa.jpg 1023w\" sizes=\"auto, (max-width: 640px) 100vw, 640px\" \/><\/a><p id=\"caption-attachment-2757\" class=\"wp-caption-text\">Hernekeitto maistui luonnonkauniilla paikalla.<\/p><\/div>\n<div id=\"attachment_2735\" style=\"width: 650px\" class=\"wp-caption alignleft\"><a href=\"https:\/\/petterihyryla.fi\/blog\/wp-content\/uploads\/2015\/06\/Leiritunnelmaa.jpg\"><img loading=\"lazy\" decoding=\"async\" aria-describedby=\"caption-attachment-2735\" class=\"size-medium wp-image-2735\" src=\"https:\/\/petterihyryla.fi\/blog\/wp-content\/uploads\/2015\/06\/Leiritunnelmaa-640x480.jpg\" alt=\"Kiva tuossa on maisemista nauttia.\" width=\"640\" height=\"480\" srcset=\"https:\/\/petterihyryla.fi\/blog\/wp-content\/uploads\/2015\/06\/Leiritunnelmaa-640x480.jpg 640w, https:\/\/petterihyryla.fi\/blog\/wp-content\/uploads\/2015\/06\/Leiritunnelmaa-624x468.jpg 624w, https:\/\/petterihyryla.fi\/blog\/wp-content\/uploads\/2015\/06\/Leiritunnelmaa.jpg 1023w\" sizes=\"auto, (max-width: 640px) 100vw, 640px\" \/><\/a><p id=\"caption-attachment-2735\" class=\"wp-caption-text\">Kiva tuossa on maisemista nauttia.<\/p><\/div>\n<p>Oli oikein rauhoittavaa loikoilla teltassa ja kuunnella tyyness\u00e4 ilmassa lintujen \u00e4\u00e4ni\u00e4. Oli jopa joutsenia ja niill\u00e4 oli ilmeisesti perheriita menossa.<\/p>\n","protected":false},"excerpt":{"rendered":"<p>Ja niin se aamu koitti ja pitk\u00e4\u00e4n suunniteltu reissu oli edess\u00e4. Ja tietysti satoi. No sadetutka onneksi ennusti ett\u00e4 sade lakkaa klo 11 ja sataisi enemm\u00e4nkin\u00a0 etel\u00e4ss\u00e4. Starttasin klo 9.20 kohti Puumalaa sadehaalari p\u00e4\u00e4ll\u00e4. Haalari ei ole hirmu hauska asu, &hellip; <a href=\"https:\/\/petterihyryla.fi\/blog\/2015-6-valamoon\/12-6-imatra-kakovesi\/\">Continue reading <span class=\"meta-nav\">&rarr;<\/span><\/a><\/p>\n","protected":false},"author":4,"featured_media":0,"comment_status":"open","ping_status":"open","sticky":false,"template":"","format":"standard","meta":{"footnotes":""},"categories":[21],"tags":[],"class_list":["post-2726","post","type-post","status-publish","format-standard","hentry","category-2015-6-valamoon"],"_links":{"self":[{"href":"https:\/\/petterihyryla.fi\/blog\/wp-json\/wp\/v2\/posts\/2726","targetHints":{"allow":["GET"]}}],"collection":[{"href":"https:\/\/petterihyryla.fi\/blog\/wp-json\/wp\/v2\/posts"}],"about":[{"href":"https:\/\/petterihyryla.fi\/blog\/wp-json\/wp\/v2\/types\/post"}],"author":[{"embeddable":true,"href":"https:\/\/petterihyryla.fi\/blog\/wp-json\/wp\/v2\/users\/4"}],"replies":[{"embeddable":true,"href":"https:\/\/petterihyryla.fi\/blog\/wp-json\/wp\/v2\/comments?post=2726"}],"version-history":[{"count":0,"href":"https:\/\/petterihyryla.fi\/blog\/wp-json\/wp\/v2\/posts\/2726\/revisions"}],"wp:attachment":[{"href":"https:\/\/petterihyryla.fi\/blog\/wp-json\/wp\/v2\/media?parent=2726"}],"wp:term":[{"taxonomy":"category","embeddable":true,"href":"https:\/\/petterihyryla.fi\/blog\/wp-json\/wp\/v2\/categories?post=2726"},{"taxonomy":"post_tag","embeddable":true,"href":"https:\/\/petterihyryla.fi\/blog\/wp-json\/wp\/v2\/tags?post=2726"}],"curies":[{"name":"wp","href":"https:\/\/api.w.org\/{rel}","templated":true}]}}