{"id":275,"date":"2012-06-05T18:28:48","date_gmt":"2012-06-05T15:28:48","guid":{"rendered":"http:\/\/petterihyryla.fi\/blog\/?p=275"},"modified":"2013-05-17T22:07:48","modified_gmt":"2013-05-17T19:07:48","slug":"06-5-6-stanton-titisee","status":"publish","type":"post","link":"https:\/\/petterihyryla.fi\/blog\/2012-06-itavaltaan\/06-5-6-stanton-titisee\/","title":{"rendered":"5.6 StAnton-Titisee (DE)"},"content":{"rendered":"<div id=\"attachment_279\" style=\"width: 310px\" class=\"wp-caption alignright\"><a href=\"https:\/\/petterihyryla.fi\/blog\/wp-content\/uploads\/2012\/06\/StAnton.jpg\"><img loading=\"lazy\" decoding=\"async\" aria-describedby=\"caption-attachment-279\" class=\"size-medium wp-image-279 \" title=\"StAnton\" alt=\"\" src=\"https:\/\/petterihyryla.fi\/blog\/wp-content\/uploads\/2012\/06\/StAnton-300x225.jpg\" width=\"300\" height=\"225\" srcset=\"https:\/\/petterihyryla.fi\/blog\/wp-content\/uploads\/2012\/06\/StAnton-300x225.jpg 300w, https:\/\/petterihyryla.fi\/blog\/wp-content\/uploads\/2012\/06\/StAnton-400x300.jpg 400w, https:\/\/petterihyryla.fi\/blog\/wp-content\/uploads\/2012\/06\/StAnton.jpg 1024w\" sizes=\"auto, (max-width: 300px) 100vw, 300px\" \/><\/a><p id=\"caption-attachment-279\" class=\"wp-caption-text\">Sopivan parkkipaikka hotellimme edess\u00e4<\/p><\/div>\n<p>StAnton valkeni hieman sadetuhnuisena ja viile\u00e4hk\u00f6n\u00e4. Liikkeelle l\u00e4htiess\u00e4 keli oli kuitenkin kuiva ja kun laskeuduttiin StAntonin 1300:sta metrist\u00e4 Liechtensteinin korkeudelle oli l\u00e4mp\u00f6tila kivunnut jo 20:een ja aurinko paistoi. Matkalle sattui runsaasti tunneleita, heti aluksi Aarlberg Tunnel 15500 m.<\/p>\n<div id=\"attachment_277\" style=\"width: 310px\" class=\"wp-caption alignright\"><a href=\"https:\/\/petterihyryla.fi\/blog\/wp-content\/uploads\/2012\/06\/postimerkki.jpg\"><img loading=\"lazy\" decoding=\"async\" aria-describedby=\"caption-attachment-277\" class=\"size-medium wp-image-277\" title=\"postimerkki\" alt=\"\" src=\"https:\/\/petterihyryla.fi\/blog\/wp-content\/uploads\/2012\/06\/postimerkki-300x225.jpg\" width=\"300\" height=\"225\" srcset=\"https:\/\/petterihyryla.fi\/blog\/wp-content\/uploads\/2012\/06\/postimerkki-300x225.jpg 300w, https:\/\/petterihyryla.fi\/blog\/wp-content\/uploads\/2012\/06\/postimerkki-400x300.jpg 400w, https:\/\/petterihyryla.fi\/blog\/wp-content\/uploads\/2012\/06\/postimerkki.jpg 1024w\" sizes=\"auto, (max-width: 300px) 100vw, 300px\" \/><\/a><p id=\"caption-attachment-277\" class=\"wp-caption-text\">Liechtenstein, postimerkkimaa<\/p><\/div>\n<div id=\"attachment_276\" style=\"width: 310px\" class=\"wp-caption alignright\"><a href=\"https:\/\/petterihyryla.fi\/blog\/wp-content\/uploads\/2012\/06\/Matkalla-sveitsi.jpg\"><img loading=\"lazy\" decoding=\"async\" aria-describedby=\"caption-attachment-276\" class=\"size-medium wp-image-276\" title=\"Matkalla-sveitsi\" alt=\"\" src=\"https:\/\/petterihyryla.fi\/blog\/wp-content\/uploads\/2012\/06\/Matkalla-sveitsi-300x225.jpg\" width=\"300\" height=\"225\" srcset=\"https:\/\/petterihyryla.fi\/blog\/wp-content\/uploads\/2012\/06\/Matkalla-sveitsi-300x225.jpg 300w, https:\/\/petterihyryla.fi\/blog\/wp-content\/uploads\/2012\/06\/Matkalla-sveitsi-399x300.jpg 399w, https:\/\/petterihyryla.fi\/blog\/wp-content\/uploads\/2012\/06\/Matkalla-sveitsi.jpg 1023w\" sizes=\"auto, (max-width: 300px) 100vw, 300px\" \/><\/a><p id=\"caption-attachment-276\" class=\"wp-caption-text\">Matkalla Sveitsiin<\/p><\/div>\n<p>Liechtensteinen p\u00e4\u00e4kaupungissa Vaduz&#8217;ssa sy\u00f6tiin lounas (ei halpaa) ja suunnistettiin kohti Schwarzwaldia. Autobahna meni joutuisasti, mutta sitten kun poikettiin pienemm\u00e4lle tielle ei matka tahtonut joutua klo 4:n ruuhkan takia. Eik\u00e4 viitsinyt ahtaitten teiden takia ruveta splittailemaan.<\/p>\n<p>Schwarzwaldin puolella ruuhkat loppuivat ja nautinnolliset mutkatiet alkoivat. En miss\u00e4\u00e4n ole n\u00e4hnyt n\u00e4in hyv\u00e4pintaisia mutkateit\u00e4. Maisemat olivat vihreit\u00e4 ja y\u00f6paikka valittiin Titiseelt\u00e4. Sielt\u00e4 l\u00f6ytyi toisella yritt\u00e4m\u00e4ll\u00e4 Gasteh\u00e4us Wiesler kyl\u00e4n laitamalla.<\/p>\n","protected":false},"excerpt":{"rendered":"<p>StAnton valkeni hieman sadetuhnuisena ja viile\u00e4hk\u00f6n\u00e4. Liikkeelle l\u00e4htiess\u00e4 keli oli kuitenkin kuiva ja kun laskeuduttiin StAntonin 1300:sta metrist\u00e4 Liechtensteinin korkeudelle oli l\u00e4mp\u00f6tila kivunnut jo 20:een ja aurinko paistoi. Matkalle sattui runsaasti tunneleita, heti aluksi Aarlberg Tunnel 15500 m. Liechtensteinen p\u00e4\u00e4kaupungissa &hellip; <a href=\"https:\/\/petterihyryla.fi\/blog\/2012-06-itavaltaan\/06-5-6-stanton-titisee\/\">Continue reading <span class=\"meta-nav\">&rarr;<\/span><\/a><\/p>\n","protected":false},"author":4,"featured_media":0,"comment_status":"open","ping_status":"open","sticky":false,"template":"","format":"standard","meta":{"footnotes":""},"categories":[12],"tags":[],"class_list":["post-275","post","type-post","status-publish","format-standard","hentry","category-2012-06-itavaltaan"],"_links":{"self":[{"href":"https:\/\/petterihyryla.fi\/blog\/wp-json\/wp\/v2\/posts\/275","targetHints":{"allow":["GET"]}}],"collection":[{"href":"https:\/\/petterihyryla.fi\/blog\/wp-json\/wp\/v2\/posts"}],"about":[{"href":"https:\/\/petterihyryla.fi\/blog\/wp-json\/wp\/v2\/types\/post"}],"author":[{"embeddable":true,"href":"https:\/\/petterihyryla.fi\/blog\/wp-json\/wp\/v2\/users\/4"}],"replies":[{"embeddable":true,"href":"https:\/\/petterihyryla.fi\/blog\/wp-json\/wp\/v2\/comments?post=275"}],"version-history":[{"count":0,"href":"https:\/\/petterihyryla.fi\/blog\/wp-json\/wp\/v2\/posts\/275\/revisions"}],"wp:attachment":[{"href":"https:\/\/petterihyryla.fi\/blog\/wp-json\/wp\/v2\/media?parent=275"}],"wp:term":[{"taxonomy":"category","embeddable":true,"href":"https:\/\/petterihyryla.fi\/blog\/wp-json\/wp\/v2\/categories?post=275"},{"taxonomy":"post_tag","embeddable":true,"href":"https:\/\/petterihyryla.fi\/blog\/wp-json\/wp\/v2\/tags?post=275"}],"curies":[{"name":"wp","href":"https:\/\/api.w.org\/{rel}","templated":true}]}}