{"id":2764,"date":"2015-07-29T10:01:28","date_gmt":"2015-07-29T07:01:28","guid":{"rendered":"http:\/\/petterihyryla.fi\/blog\/?p=2764"},"modified":"2016-09-22T10:46:12","modified_gmt":"2016-09-22T07:46:12","slug":"reittisuunnitelma-2015","status":"publish","type":"post","link":"https:\/\/petterihyryla.fi\/blog\/2015-8-wieniin\/reittisuunnitelma-2015\/","title":{"rendered":"Reittisuunnitelma 2015"},"content":{"rendered":"<div id=\"attachment_2763\" style=\"width: 650px\" class=\"wp-caption aligncenter\"><a href=\"https:\/\/petterihyryla.fi\/blog\/wp-content\/uploads\/2015\/07\/Reittisuunnitelma2015.jpg\"><img loading=\"lazy\" decoding=\"async\" aria-describedby=\"caption-attachment-2763\" class=\"size-medium wp-image-2763\" src=\"https:\/\/petterihyryla.fi\/blog\/wp-content\/uploads\/2015\/07\/Reittisuunnitelma2015-640x605.jpg\" alt=\"...jotain t\u00e4m\u00e4n suuntaista...\" width=\"640\" height=\"605\" srcset=\"https:\/\/petterihyryla.fi\/blog\/wp-content\/uploads\/2015\/07\/Reittisuunnitelma2015-640x605.jpg 640w, https:\/\/petterihyryla.fi\/blog\/wp-content\/uploads\/2015\/07\/Reittisuunnitelma2015-624x589.jpg 624w, https:\/\/petterihyryla.fi\/blog\/wp-content\/uploads\/2015\/07\/Reittisuunnitelma2015.jpg 687w\" sizes=\"auto, (max-width: 640px) 100vw, 640px\" \/><\/a><p id=\"caption-attachment-2763\" class=\"wp-caption-text\">&#8230;jotain t\u00e4m\u00e4n suuntaista&#8230;<\/p><\/div>\n<p>Olen aina jotenkin pit\u00e4nyt Saksan maasta ja varsinkin sen keski- ja etel\u00e4osien maisemista. Ne ovat kuitenkin\u00a0 j\u00e4\u00e4neet v\u00e4hemm\u00e4lle huomiolle koska p\u00e4\u00e4paino on ollut viime reissuilla Italiassa tai Espanjassa. Siksi nyt ei menn\u00e4 niin pitk\u00e4lle vaan retkeill\u00e4\u00e4n p\u00e4\u00e4osin alppien pohjoispuolella. N\u00e4in on mahdollisuus tutkia tarkemmin Saksan kauniita pikkukaupunkeja ja maalaisteit\u00e4. Hauska on my\u00f6s\u00a0 t\u00f6rist\u00e4 paikallisten kanssa currywurstin \u00e4\u00e4rell\u00e4 kun osaa v\u00e4h\u00e4n kielt\u00e4kin.<\/p>\n<p>Min\u00e4 l\u00e4hden liikkeelle to 13.8 t\u00e4ht\u00e4imen\u00e4 Hki-Travem\u00fcnden iltalautta. Seikkailen sitten viikon p\u00e4iv\u00e4t yksin\u00e4\u00e4n ja Eija lent\u00e4\u00e4 Wieniin vastaan. Sielt\u00e4 jatketaan yhdess\u00e4 ma 24.8 tulemaan takaisinp\u00e4in. Tutkaillaan Tsekkej\u00e4 ja Saksaa ja ajetaan illaksi la 29.8 Travem\u00fcndeen josta lautalla takaisin Suomen maaper\u00e4lle.<\/p>\n<p>Tarkempi aikataulu muotoutuu sitten matkan p\u00e4\u00e4ll\u00e4 kun n\u00e4kee ikkunasta aamulla paistaako aurinko vai ei ja mink\u00e4lainen maisema ikkunasta avautuu.<\/p>\n","protected":false},"excerpt":{"rendered":"<p>Olen aina jotenkin pit\u00e4nyt Saksan maasta ja varsinkin sen keski- ja etel\u00e4osien maisemista. Ne ovat kuitenkin\u00a0 j\u00e4\u00e4neet v\u00e4hemm\u00e4lle huomiolle koska p\u00e4\u00e4paino on ollut viime reissuilla Italiassa tai Espanjassa. Siksi nyt ei menn\u00e4 niin pitk\u00e4lle vaan retkeill\u00e4\u00e4n p\u00e4\u00e4osin alppien pohjoispuolella. N\u00e4in &hellip; <a href=\"https:\/\/petterihyryla.fi\/blog\/2015-8-wieniin\/reittisuunnitelma-2015\/\">Continue reading <span class=\"meta-nav\">&rarr;<\/span><\/a><\/p>\n","protected":false},"author":4,"featured_media":0,"comment_status":"open","ping_status":"open","sticky":false,"template":"","format":"standard","meta":{"footnotes":""},"categories":[22],"tags":[],"class_list":["post-2764","post","type-post","status-publish","format-standard","hentry","category-2015-8-wieniin"],"_links":{"self":[{"href":"https:\/\/petterihyryla.fi\/blog\/wp-json\/wp\/v2\/posts\/2764","targetHints":{"allow":["GET"]}}],"collection":[{"href":"https:\/\/petterihyryla.fi\/blog\/wp-json\/wp\/v2\/posts"}],"about":[{"href":"https:\/\/petterihyryla.fi\/blog\/wp-json\/wp\/v2\/types\/post"}],"author":[{"embeddable":true,"href":"https:\/\/petterihyryla.fi\/blog\/wp-json\/wp\/v2\/users\/4"}],"replies":[{"embeddable":true,"href":"https:\/\/petterihyryla.fi\/blog\/wp-json\/wp\/v2\/comments?post=2764"}],"version-history":[{"count":0,"href":"https:\/\/petterihyryla.fi\/blog\/wp-json\/wp\/v2\/posts\/2764\/revisions"}],"wp:attachment":[{"href":"https:\/\/petterihyryla.fi\/blog\/wp-json\/wp\/v2\/media?parent=2764"}],"wp:term":[{"taxonomy":"category","embeddable":true,"href":"https:\/\/petterihyryla.fi\/blog\/wp-json\/wp\/v2\/categories?post=2764"},{"taxonomy":"post_tag","embeddable":true,"href":"https:\/\/petterihyryla.fi\/blog\/wp-json\/wp\/v2\/tags?post=2764"}],"curies":[{"name":"wp","href":"https:\/\/api.w.org\/{rel}","templated":true}]}}