{"id":281,"date":"2012-06-06T18:37:37","date_gmt":"2012-06-06T15:37:37","guid":{"rendered":"http:\/\/petterihyryla.fi\/blog\/?p=281"},"modified":"2013-05-17T22:08:00","modified_gmt":"2013-05-17T19:08:00","slug":"06-6-6-titisee-toul","status":"publish","type":"post","link":"https:\/\/petterihyryla.fi\/blog\/2012-06-itavaltaan\/06-6-6-titisee-toul\/","title":{"rendered":"6.6 Titisee &#8211; Toul (FRA)"},"content":{"rendered":"<div id=\"attachment_283\" style=\"width: 310px\" class=\"wp-caption alignright\"><a href=\"https:\/\/petterihyryla.fi\/blog\/wp-content\/uploads\/2012\/06\/Ribeauville.jpg\"><img loading=\"lazy\" decoding=\"async\" aria-describedby=\"caption-attachment-283\" class=\"size-medium wp-image-283\" title=\"Ribeauville\" alt=\"\" src=\"https:\/\/petterihyryla.fi\/blog\/wp-content\/uploads\/2012\/06\/Ribeauville-300x225.jpg\" width=\"300\" height=\"225\" srcset=\"https:\/\/petterihyryla.fi\/blog\/wp-content\/uploads\/2012\/06\/Ribeauville-300x225.jpg 300w, https:\/\/petterihyryla.fi\/blog\/wp-content\/uploads\/2012\/06\/Ribeauville-399x300.jpg 399w, https:\/\/petterihyryla.fi\/blog\/wp-content\/uploads\/2012\/06\/Ribeauville.jpg 1023w\" sizes=\"auto, (max-width: 300px) 100vw, 300px\" \/><\/a><p id=\"caption-attachment-283\" class=\"wp-caption-text\">Ribeauvilless\u00e4 oli kiva k\u00e4velykatu<\/p><\/div>\n<p>V\u00e4h\u00e4n sadetta taas uumoili kun startattiin kohti ranskaa. P\u00e4\u00e4tettiin ajaa hetki baanaa ja sitten k\u00e4yd\u00e4 lounaalla Ribeauvilless\u00e4 Alsace&#8217;ssa. Taas piti sadehaalareita kaivella matkalla. Ribeuville oli hyvin kaunis pikkukaupunki, jossa oli pieni\u00e4 kujia ja n\u00e4ttej\u00e4 vanhoja taloja. Murkinoitiin, Eija parsaa ja min\u00e4 sianjalkaa ja hapankaalia (Alsace&#8217;lainen ruoka).<\/p>\n<div id=\"attachment_282\" style=\"width: 310px\" class=\"wp-caption alignright\"><a href=\"https:\/\/petterihyryla.fi\/blog\/wp-content\/uploads\/2012\/06\/Ardenneilla.jpg\"><img loading=\"lazy\" decoding=\"async\" aria-describedby=\"caption-attachment-282\" class=\"size-medium wp-image-282\" title=\"Ardenneilla\" alt=\"\" src=\"https:\/\/petterihyryla.fi\/blog\/wp-content\/uploads\/2012\/06\/Ardenneilla-300x225.jpg\" width=\"300\" height=\"225\" srcset=\"https:\/\/petterihyryla.fi\/blog\/wp-content\/uploads\/2012\/06\/Ardenneilla-300x225.jpg 300w, https:\/\/petterihyryla.fi\/blog\/wp-content\/uploads\/2012\/06\/Ardenneilla-400x300.jpg 400w, https:\/\/petterihyryla.fi\/blog\/wp-content\/uploads\/2012\/06\/Ardenneilla.jpg 1024w\" sizes=\"auto, (max-width: 300px) 100vw, 300px\" \/><\/a><p id=\"caption-attachment-282\" class=\"wp-caption-text\">Ardennien &#8220;vuoristoa&#8221; ylitt\u00e4m\u00e4ss\u00e4<\/p><\/div>\n<p>Ruuan jalkeen maisteltiin taas serpentiinej\u00e4 ja kiivettiin Ardennien yli. Sielt\u00e4 sitten taas baanaa pitkin kohti Pariisia.<\/p>\n<p>Y\u00f6pymist\u00e4 alettiin katsoa klo 16 Nancyss\u00e4, mutta sielt\u00e4 ei l\u00f6ytynyt hotellia jossa olisi ollut turvallinen parkkipaikka.<\/p>\n<p>Aikamme taas ajettiin kaupungin ulosmenojonossa kun p\u00e4\u00e4tettiin jatkaa matkaa seuraavaan kaupunkiin. Parinkymmenen kilometrin p\u00e4\u00e4ss\u00e4 oli Toul, josta l\u00f6ydettiin kiva pikku hotelli, avuliaan turisti-infon avustuksella.<\/p>\n<p>Muuten hyv\u00e4 , mutta luvattu ilmainen nettiyhteys<\/p>\n<div id=\"attachment_284\" style=\"width: 235px\" class=\"wp-caption alignright\"><a href=\"https:\/\/petterihyryla.fi\/blog\/wp-content\/uploads\/2012\/06\/Toulon.jpg\"><img loading=\"lazy\" decoding=\"async\" aria-describedby=\"caption-attachment-284\" class=\"size-medium wp-image-284\" title=\"Nancy\" alt=\"\" src=\"https:\/\/petterihyryla.fi\/blog\/wp-content\/uploads\/2012\/06\/Toulon-225x300.jpg\" width=\"225\" height=\"300\" srcset=\"https:\/\/petterihyryla.fi\/blog\/wp-content\/uploads\/2012\/06\/Toulon-225x300.jpg 225w, https:\/\/petterihyryla.fi\/blog\/wp-content\/uploads\/2012\/06\/Toulon.jpg 768w\" sizes=\"auto, (max-width: 225px) 100vw, 225px\" \/><\/a><p id=\"caption-attachment-284\" class=\"wp-caption-text\">Nancy&#8217;ss\u00e4 oli hieno keskusaukio<\/p><\/div>\n<p>ei toimi, joten tulee taaskin katkoa p\u00e4ivityksiin. Hotelli Toul&#8217;ssa oli La Villa Lorraine.<\/p>\n<p>Kaikki muuten k\u00e4velee t\u00e4\u00e4ll\u00e4 patongit kourassa ja r\u00f6\u00f6ki huulessa. Koirat otetaan mukaan ruokaravintolaan ja kielitaito on kovilla kun eiv\u00e4t puhu kuin ranskaa. Muuten pikkukaupungissa kannattaa varoa klo 12-14 v\u00e4list\u00e4 aikaa. Huoltoaseman myyj\u00e4t ovat lounastauolla (voi olla hankalaa jos bensa on silloin loppu).<\/p>\n","protected":false},"excerpt":{"rendered":"<p>V\u00e4h\u00e4n sadetta taas uumoili kun startattiin kohti ranskaa. P\u00e4\u00e4tettiin ajaa hetki baanaa ja sitten k\u00e4yd\u00e4 lounaalla Ribeauvilless\u00e4 Alsace&#8217;ssa. Taas piti sadehaalareita kaivella matkalla. Ribeuville oli hyvin kaunis pikkukaupunki, jossa oli pieni\u00e4 kujia ja n\u00e4ttej\u00e4 vanhoja taloja. Murkinoitiin, Eija parsaa ja &hellip; <a href=\"https:\/\/petterihyryla.fi\/blog\/2012-06-itavaltaan\/06-6-6-titisee-toul\/\">Continue reading <span class=\"meta-nav\">&rarr;<\/span><\/a><\/p>\n","protected":false},"author":4,"featured_media":0,"comment_status":"open","ping_status":"open","sticky":false,"template":"","format":"standard","meta":{"footnotes":""},"categories":[12],"tags":[],"class_list":["post-281","post","type-post","status-publish","format-standard","hentry","category-2012-06-itavaltaan"],"_links":{"self":[{"href":"https:\/\/petterihyryla.fi\/blog\/wp-json\/wp\/v2\/posts\/281","targetHints":{"allow":["GET"]}}],"collection":[{"href":"https:\/\/petterihyryla.fi\/blog\/wp-json\/wp\/v2\/posts"}],"about":[{"href":"https:\/\/petterihyryla.fi\/blog\/wp-json\/wp\/v2\/types\/post"}],"author":[{"embeddable":true,"href":"https:\/\/petterihyryla.fi\/blog\/wp-json\/wp\/v2\/users\/4"}],"replies":[{"embeddable":true,"href":"https:\/\/petterihyryla.fi\/blog\/wp-json\/wp\/v2\/comments?post=281"}],"version-history":[{"count":0,"href":"https:\/\/petterihyryla.fi\/blog\/wp-json\/wp\/v2\/posts\/281\/revisions"}],"wp:attachment":[{"href":"https:\/\/petterihyryla.fi\/blog\/wp-json\/wp\/v2\/media?parent=281"}],"wp:term":[{"taxonomy":"category","embeddable":true,"href":"https:\/\/petterihyryla.fi\/blog\/wp-json\/wp\/v2\/categories?post=281"},{"taxonomy":"post_tag","embeddable":true,"href":"https:\/\/petterihyryla.fi\/blog\/wp-json\/wp\/v2\/tags?post=281"}],"curies":[{"name":"wp","href":"https:\/\/api.w.org\/{rel}","templated":true}]}}