{"id":314,"date":"2012-06-09T23:09:09","date_gmt":"2012-06-09T20:09:09","guid":{"rendered":"http:\/\/petterihyryla.fi\/blog\/?p=314"},"modified":"2013-05-17T16:30:14","modified_gmt":"2013-05-17T13:30:14","slug":"09-9-6-bocholt-bremen","status":"publish","type":"post","link":"https:\/\/petterihyryla.fi\/blog\/2012-06-itavaltaan\/09-9-6-bocholt-bremen\/","title":{"rendered":"9.6 Bocholt-Bremen"},"content":{"rendered":"<div id=\"attachment_296\" style=\"width: 310px\" class=\"wp-caption alignright\"><a href=\"https:\/\/petterihyryla.fi\/blog\/wp-content\/uploads\/2012\/06\/mylly.jpg\"><img loading=\"lazy\" decoding=\"async\" aria-describedby=\"caption-attachment-296\" class=\"size-medium wp-image-296 \" title=\"mylly\" alt=\"\" src=\"https:\/\/petterihyryla.fi\/blog\/wp-content\/uploads\/2012\/06\/mylly-300x225.jpg\" width=\"300\" height=\"225\" srcset=\"https:\/\/petterihyryla.fi\/blog\/wp-content\/uploads\/2012\/06\/mylly-300x225.jpg 300w, https:\/\/petterihyryla.fi\/blog\/wp-content\/uploads\/2012\/06\/mylly-399x300.jpg 399w, https:\/\/petterihyryla.fi\/blog\/wp-content\/uploads\/2012\/06\/mylly.jpg 1023w\" sizes=\"auto, (max-width: 300px) 100vw, 300px\" \/><\/a><p id=\"caption-attachment-296\" class=\"wp-caption-text\">Y\u00f6pymispaikka oli l\u00e4hell\u00e4 saksan vanhinta mylly\u00e4<\/p><\/div>\n<p>Aamulla nautittuamme hyv\u00e4n aamiaisen k\u00e4vimme ihmettelem\u00e4ss\u00e4 jokimaisemia ja Saksan vanhinta tuulimylly\u00e4, joka oli hotellin vieress\u00e4.<\/p>\n<div id=\"attachment_316\" style=\"width: 310px\" class=\"wp-caption alignright\"><a href=\"https:\/\/petterihyryla.fi\/blog\/wp-content\/uploads\/2012\/06\/polttarijengi.jpg\"><img loading=\"lazy\" decoding=\"async\" aria-describedby=\"caption-attachment-316\" class=\"size-medium wp-image-316 \" title=\"polttarijengi\" alt=\"\" src=\"https:\/\/petterihyryla.fi\/blog\/wp-content\/uploads\/2012\/06\/polttarijengi-300x225.jpg\" width=\"300\" height=\"225\" srcset=\"https:\/\/petterihyryla.fi\/blog\/wp-content\/uploads\/2012\/06\/polttarijengi-300x225.jpg 300w, https:\/\/petterihyryla.fi\/blog\/wp-content\/uploads\/2012\/06\/polttarijengi-400x300.jpg 400w, https:\/\/petterihyryla.fi\/blog\/wp-content\/uploads\/2012\/06\/polttarijengi.jpg 1024w\" sizes=\"auto, (max-width: 300px) 100vw, 300px\" \/><\/a><p id=\"caption-attachment-316\" class=\"wp-caption-text\">Polttarijengi<\/p><\/div>\n<p>Matkaan l\u00e4ksimme kiirett\u00e4 pit\u00e4m\u00e4tt\u00e4 klo 11. Ilma oli pilvinen +15 , mutta ei toistaiseksi satanut (selvisimme kuivana koko matkan). L\u00e4htiess\u00e4 varasimme booking.com&#8217;sta Hotel Hanseat&#8217;n Bremenist\u00e4 ja varmistimme viel\u00e4 puhelimella, ett\u00e4 siell\u00e4 oli hyv\u00e4 ja turvallinen parkkihalli. Bremen n\u00e4ytti olevan mukavasti puolessa v\u00e4liss\u00e4 Travemunde\u00e4 eik\u00e4 meist\u00e4 kumpikaan ole k\u00e4ynyt siell\u00e4 aiemmin. Matka meni joutuisasti baanoja pitkin, mutta kova ja puuskainen tuuli heitteli py\u00f6r\u00e4\u00e4 niin ep\u00e4miellytt\u00e4v\u00e4sti ett\u00e4 ajoittain matkanopeus piti pudottaa 100-120 km\/h.<\/p>\n<p>Hotelli l\u00f6ytyi navilla helposti ja osoittautui ihan asialliseksi perushotelliksi. Lepohetken j\u00e4lkeen l\u00e4ksimme kaupungille sy\u00f6m\u00e4\u00e4n ja ihmettelem\u00e4\u00e4n vanhaa kaupunkia. Ilma oli kolea, joten kampetta piti olla reilusti p\u00e4\u00e4ll\u00e4.<\/p>\n<div id=\"attachment_315\" style=\"width: 310px\" class=\"wp-caption alignright\"><a href=\"https:\/\/petterihyryla.fi\/blog\/wp-content\/uploads\/2012\/06\/futisfanit.jpg\"><img loading=\"lazy\" decoding=\"async\" aria-describedby=\"caption-attachment-315\" class=\"size-medium wp-image-315\" title=\"futisfanit\" alt=\"\" src=\"https:\/\/petterihyryla.fi\/blog\/wp-content\/uploads\/2012\/06\/futisfanit-300x225.jpg\" width=\"300\" height=\"225\" srcset=\"https:\/\/petterihyryla.fi\/blog\/wp-content\/uploads\/2012\/06\/futisfanit-300x225.jpg 300w, https:\/\/petterihyryla.fi\/blog\/wp-content\/uploads\/2012\/06\/futisfanit-400x300.jpg 400w, https:\/\/petterihyryla.fi\/blog\/wp-content\/uploads\/2012\/06\/futisfanit.jpg 1024w\" sizes=\"auto, (max-width: 300px) 100vw, 300px\" \/><\/a><p id=\"caption-attachment-315\" class=\"wp-caption-text\">Futisfaneja<\/p><\/div>\n<p>Kaupunki tuntui olevan t\u00e4ynn\u00e4 joko polttariporukoita tai Saksan lippuun sonnustautuneita jalkapallofanaatikkoja. Illalla oli Saksan eka matsi Portugalia vastaan ja kannustus ja juhlinta oli n\u00e4emm\u00e4 aloitettu jo hyviss\u00e4 ajoin. Lauantai-ilta varmaan viel\u00e4 lis\u00e4si biletysintoa.<\/p>\n","protected":false},"excerpt":{"rendered":"<p>Aamulla nautittuamme hyv\u00e4n aamiaisen k\u00e4vimme ihmettelem\u00e4ss\u00e4 jokimaisemia ja Saksan vanhinta tuulimylly\u00e4, joka oli hotellin vieress\u00e4. Matkaan l\u00e4ksimme kiirett\u00e4 pit\u00e4m\u00e4tt\u00e4 klo 11. Ilma oli pilvinen +15 , mutta ei toistaiseksi satanut (selvisimme kuivana koko matkan). L\u00e4htiess\u00e4 varasimme booking.com&#8217;sta Hotel Hanseat&#8217;n Bremenist\u00e4 &hellip; <a href=\"https:\/\/petterihyryla.fi\/blog\/2012-06-itavaltaan\/09-9-6-bocholt-bremen\/\">Continue reading <span class=\"meta-nav\">&rarr;<\/span><\/a><\/p>\n","protected":false},"author":4,"featured_media":0,"comment_status":"open","ping_status":"open","sticky":false,"template":"","format":"standard","meta":{"footnotes":""},"categories":[12],"tags":[],"class_list":["post-314","post","type-post","status-publish","format-standard","hentry","category-2012-06-itavaltaan"],"_links":{"self":[{"href":"https:\/\/petterihyryla.fi\/blog\/wp-json\/wp\/v2\/posts\/314","targetHints":{"allow":["GET"]}}],"collection":[{"href":"https:\/\/petterihyryla.fi\/blog\/wp-json\/wp\/v2\/posts"}],"about":[{"href":"https:\/\/petterihyryla.fi\/blog\/wp-json\/wp\/v2\/types\/post"}],"author":[{"embeddable":true,"href":"https:\/\/petterihyryla.fi\/blog\/wp-json\/wp\/v2\/users\/4"}],"replies":[{"embeddable":true,"href":"https:\/\/petterihyryla.fi\/blog\/wp-json\/wp\/v2\/comments?post=314"}],"version-history":[{"count":0,"href":"https:\/\/petterihyryla.fi\/blog\/wp-json\/wp\/v2\/posts\/314\/revisions"}],"wp:attachment":[{"href":"https:\/\/petterihyryla.fi\/blog\/wp-json\/wp\/v2\/media?parent=314"}],"wp:term":[{"taxonomy":"category","embeddable":true,"href":"https:\/\/petterihyryla.fi\/blog\/wp-json\/wp\/v2\/categories?post=314"},{"taxonomy":"post_tag","embeddable":true,"href":"https:\/\/petterihyryla.fi\/blog\/wp-json\/wp\/v2\/tags?post=314"}],"curies":[{"name":"wp","href":"https:\/\/api.w.org\/{rel}","templated":true}]}}