{"id":322,"date":"2012-06-10T15:12:06","date_gmt":"2012-06-10T12:12:06","guid":{"rendered":"http:\/\/petterihyryla.fi\/blog\/?p=322"},"modified":"2013-05-17T22:08:28","modified_gmt":"2013-05-17T19:08:28","slug":"10-10-6-bremen-travemunde","status":"publish","type":"post","link":"https:\/\/petterihyryla.fi\/blog\/2012-06-itavaltaan\/10-10-6-bremen-travemunde\/","title":{"rendered":"10.6 Bremen &#8211; Travemunde"},"content":{"rendered":"<div id=\"attachment_323\" style=\"width: 235px\" class=\"wp-caption alignright\"><a href=\"https:\/\/petterihyryla.fi\/blog\/wp-content\/uploads\/2012\/06\/kapeakatu.jpg\"><img loading=\"lazy\" decoding=\"async\" aria-describedby=\"caption-attachment-323\" class=\"size-medium wp-image-323\" title=\"kapeakatu\" alt=\"\" src=\"https:\/\/petterihyryla.fi\/blog\/wp-content\/uploads\/2012\/06\/kapeakatu-225x300.jpg\" width=\"225\" height=\"300\" srcset=\"https:\/\/petterihyryla.fi\/blog\/wp-content\/uploads\/2012\/06\/kapeakatu-225x300.jpg 225w, https:\/\/petterihyryla.fi\/blog\/wp-content\/uploads\/2012\/06\/kapeakatu.jpg 576w\" sizes=\"auto, (max-width: 225px) 100vw, 225px\" \/><\/a><p id=\"caption-attachment-323\" class=\"wp-caption-text\">Schnoor&#8217;n kapeita kujia&#8230;<\/p><\/div>\n<p>Koska Travemundess\u00e4 ei tarvitse olla kuin vasta my\u00f6h\u00e4\u00e4n illalla ja matkaa ei ole kuin alle 200 km p\u00e4\u00e4timme viett\u00e4\u00e4 aikaa v\u00e4h\u00e4n pidemp\u00e4\u00e4n Bremeniss\u00e4. Saimme hotellin kanssa sovittua ett\u00e4 huonetta voi pit\u00e4\u00e4 klo 15 asti, joten aikaa j\u00e4i kaupungin tutkailuun.<\/p>\n<p>Vanhassa kaupungissa on monta hienoa kirkkoa ja koska oli sunnuntai (lienee syy) niin kahvilla istuessa kuului koko ajan jostain l\u00e4hes taukoamaton kirkonkellojen \u00e4\u00e4ni. Itse kutsuisin sit\u00e4 meteliksi, koska homma kuulusti silt\u00e4 kuin kellonsoittaja olisi tullut hulluksi. Mitenk\u00f6h\u00e4n paikalliset tuohon ovat tottuneet.<\/p>\n<p>Kierrettiin keskustaa ja eniten j\u00e4i mieleen paikka nimelt\u00e4\u00a0Schnoor. Siell\u00e4 kadut olivat kapeita ja t\u00e4ynn\u00e4 pieni\u00e4<\/p>\n<div id=\"attachment_326\" style=\"width: 310px\" class=\"wp-caption alignright\"><a href=\"https:\/\/petterihyryla.fi\/blog\/wp-content\/uploads\/2012\/06\/kauppa.jpg\"><img loading=\"lazy\" decoding=\"async\" aria-describedby=\"caption-attachment-326\" class=\"size-medium wp-image-326\" alt=\"...ja kivoja kauppoja\" src=\"https:\/\/petterihyryla.fi\/blog\/wp-content\/uploads\/2012\/06\/kauppa-300x225.jpg\" width=\"300\" height=\"225\" srcset=\"https:\/\/petterihyryla.fi\/blog\/wp-content\/uploads\/2012\/06\/kauppa-300x225.jpg 300w, https:\/\/petterihyryla.fi\/blog\/wp-content\/uploads\/2012\/06\/kauppa-400x300.jpg 400w, https:\/\/petterihyryla.fi\/blog\/wp-content\/uploads\/2012\/06\/kauppa.jpg 1024w\" sizes=\"auto, (max-width: 300px) 100vw, 300px\" \/><\/a><p id=\"caption-attachment-326\" class=\"wp-caption-text\">&#8230;ja kivoja kauppoja<\/p><\/div>\n<div id=\"attachment_327\" style=\"width: 310px\" class=\"wp-caption alignright\"><a href=\"https:\/\/petterihyryla.fi\/blog\/wp-content\/uploads\/2012\/06\/ongella.jpg\"><img loading=\"lazy\" decoding=\"async\" aria-describedby=\"caption-attachment-327\" class=\"size-medium wp-image-327\" title=\"ongella\" alt=\"\" src=\"https:\/\/petterihyryla.fi\/blog\/wp-content\/uploads\/2012\/06\/ongella-300x225.jpg\" width=\"300\" height=\"225\" srcset=\"https:\/\/petterihyryla.fi\/blog\/wp-content\/uploads\/2012\/06\/ongella-300x225.jpg 300w, https:\/\/petterihyryla.fi\/blog\/wp-content\/uploads\/2012\/06\/ongella-400x300.jpg 400w, https:\/\/petterihyryla.fi\/blog\/wp-content\/uploads\/2012\/06\/ongella.jpg 1024w\" sizes=\"auto, (max-width: 300px) 100vw, 300px\" \/><\/a><p id=\"caption-attachment-327\" class=\"wp-caption-text\">Luonnonrauhaa keskell\u00e4 kaupunkia<\/p><\/div>\n<p>kauppoja ja kahviloita. N\u00e4kemist\u00e4 olisi varmaan ollut enemm\u00e4nkin, mutta maksoimme hotellilaskun ja suuntasimme kohti Travemunde\u00e4. Keli oli suosiollinen, l\u00e4mp\u00f6tila noin 15-19, mutta vesisade kummitteli koko ajan. S\u00e4\u00e4styimme kuitenkin kastumiselta. Jonkin verran oli tiet\u00f6it\u00e4 matkalla, mutta onneksi se ei paljoakaan hidastanut matkan tekoa.<\/p>\n<p>Travemunden rantaraitti on kiva sill\u00e4 siell\u00e4 on pitk\u00e4n matkaa kauppoja ja ravintoloita vaikka kuinka paljon. Ilma oli tosin v\u00e4h\u00e4n kolea (vai liek\u00f6 johtui sunnuntai-illasta) ja ihmisi\u00e4 ei ollut kovin paljon liikkeell\u00e4. Kahvilatkin sulkivat ovensa viimeist\u00e4\u00e4n klo 21, joten ajoimme lahden toiselle puolelle odottelemaan laivan tuloa terminaaliin.<\/p>\n<div id=\"attachment_324\" style=\"width: 310px\" class=\"wp-caption alignright\"><a href=\"https:\/\/petterihyryla.fi\/blog\/wp-content\/uploads\/2012\/06\/satamassa.jpg\"><img loading=\"lazy\" decoding=\"async\" aria-describedby=\"caption-attachment-324\" class=\"size-medium wp-image-324\" title=\"satamassa\" alt=\"\" src=\"https:\/\/petterihyryla.fi\/blog\/wp-content\/uploads\/2012\/06\/satamassa-300x225.jpg\" width=\"300\" height=\"225\" srcset=\"https:\/\/petterihyryla.fi\/blog\/wp-content\/uploads\/2012\/06\/satamassa-300x225.jpg 300w, https:\/\/petterihyryla.fi\/blog\/wp-content\/uploads\/2012\/06\/satamassa-400x300.jpg 400w, https:\/\/petterihyryla.fi\/blog\/wp-content\/uploads\/2012\/06\/satamassa.jpg 1024w\" sizes=\"auto, (max-width: 300px) 100vw, 300px\" \/><\/a><p id=\"caption-attachment-324\" class=\"wp-caption-text\">Laivajonossa<\/p><\/div>\n<p>Nyt olikin l\u00e4hd\u00f6ss\u00e4 iso m\u00e4\u00e4r\u00e4 motoristeja ja kaiken n\u00e4k\u00f6ist\u00e4 kulkinetta oli liikkell\u00e4. Edell\u00e4mme oli tullut pariskunta kahdella rakennetulla harrikan chopperilla ja heid\u00e4n kanssaan turistessa aika kului rattoisasti. Jyrkist\u00e4 oli kuulemma juttu viimeisess\u00e4 Kopteri lehdess\u00e4, joten se pit\u00e4\u00e4 lukea. Jyrkin webbisivut: <a title=\"www.mopopoika.com\" href=\"http:\/\/www.mopopoika.com\" target=\"_blank\">www.mopopoika.com<\/a><\/p>\n<p>Laivaan p\u00e4\u00e4stiin melko my\u00f6h\u00e4\u00e4n, mutta onneksi motoristit p\u00e4\u00e4stet\u00e4\u00e4n ensimm\u00e4iseksi, joten odotus ei ollut niin pitk\u00e4 kuin autoilijoilla.<\/p>\n","protected":false},"excerpt":{"rendered":"<p>Koska Travemundess\u00e4 ei tarvitse olla kuin vasta my\u00f6h\u00e4\u00e4n illalla ja matkaa ei ole kuin alle 200 km p\u00e4\u00e4timme viett\u00e4\u00e4 aikaa v\u00e4h\u00e4n pidemp\u00e4\u00e4n Bremeniss\u00e4. Saimme hotellin kanssa sovittua ett\u00e4 huonetta voi pit\u00e4\u00e4 klo 15 asti, joten aikaa j\u00e4i kaupungin tutkailuun. Vanhassa &hellip; <a href=\"https:\/\/petterihyryla.fi\/blog\/2012-06-itavaltaan\/10-10-6-bremen-travemunde\/\">Continue reading <span class=\"meta-nav\">&rarr;<\/span><\/a><\/p>\n","protected":false},"author":4,"featured_media":0,"comment_status":"open","ping_status":"open","sticky":false,"template":"","format":"standard","meta":{"footnotes":""},"categories":[12],"tags":[],"class_list":["post-322","post","type-post","status-publish","format-standard","hentry","category-2012-06-itavaltaan"],"_links":{"self":[{"href":"https:\/\/petterihyryla.fi\/blog\/wp-json\/wp\/v2\/posts\/322","targetHints":{"allow":["GET"]}}],"collection":[{"href":"https:\/\/petterihyryla.fi\/blog\/wp-json\/wp\/v2\/posts"}],"about":[{"href":"https:\/\/petterihyryla.fi\/blog\/wp-json\/wp\/v2\/types\/post"}],"author":[{"embeddable":true,"href":"https:\/\/petterihyryla.fi\/blog\/wp-json\/wp\/v2\/users\/4"}],"replies":[{"embeddable":true,"href":"https:\/\/petterihyryla.fi\/blog\/wp-json\/wp\/v2\/comments?post=322"}],"version-history":[{"count":0,"href":"https:\/\/petterihyryla.fi\/blog\/wp-json\/wp\/v2\/posts\/322\/revisions"}],"wp:attachment":[{"href":"https:\/\/petterihyryla.fi\/blog\/wp-json\/wp\/v2\/media?parent=322"}],"wp:term":[{"taxonomy":"category","embeddable":true,"href":"https:\/\/petterihyryla.fi\/blog\/wp-json\/wp\/v2\/categories?post=322"},{"taxonomy":"post_tag","embeddable":true,"href":"https:\/\/petterihyryla.fi\/blog\/wp-json\/wp\/v2\/tags?post=322"}],"curies":[{"name":"wp","href":"https:\/\/api.w.org\/{rel}","templated":true}]}}