{"id":332,"date":"2012-06-11T16:48:42","date_gmt":"2012-06-11T13:48:42","guid":{"rendered":"http:\/\/petterihyryla.fi\/blog\/?p=332"},"modified":"2013-05-17T22:08:39","modified_gmt":"2013-05-17T19:08:39","slug":"11-11-6-laivalla","status":"publish","type":"post","link":"https:\/\/petterihyryla.fi\/blog\/2012-06-itavaltaan\/11-11-6-laivalla\/","title":{"rendered":"11.6 Laiva HKI &#8211; Travemunde DE"},"content":{"rendered":"<div id=\"attachment_333\" style=\"width: 310px\" class=\"wp-caption alignright\"><a href=\"https:\/\/petterihyryla.fi\/blog\/wp-content\/uploads\/2012\/06\/ahot.jpg\"><img loading=\"lazy\" decoding=\"async\" aria-describedby=\"caption-attachment-333\" class=\"size-medium wp-image-333\" title=\"ahot\" alt=\"\" src=\"https:\/\/petterihyryla.fi\/blog\/wp-content\/uploads\/2012\/06\/ahot-300x225.jpg\" width=\"300\" height=\"225\" srcset=\"https:\/\/petterihyryla.fi\/blog\/wp-content\/uploads\/2012\/06\/ahot-300x225.jpg 300w, https:\/\/petterihyryla.fi\/blog\/wp-content\/uploads\/2012\/06\/ahot-400x300.jpg 400w, https:\/\/petterihyryla.fi\/blog\/wp-content\/uploads\/2012\/06\/ahot.jpg 1024w\" sizes=\"auto, (max-width: 300px) 100vw, 300px\" \/><\/a><p id=\"caption-attachment-333\" class=\"wp-caption-text\">Ahon Yk\u00e4n ja P\u00e4ivin kanssa laivalla<\/p><\/div>\n<p>Laivareissu meni totuttuun tapaan lep\u00e4illess\u00e4 ja sy\u00f6dess\u00e4. Ahot olivat eksyneet samalla laivalle, joten oli mukavasti seuraa laivareissun aikana. Ilmeni ett\u00e4 olimme k\u00e4yneet l\u00e4hes per\u00e4j\u00e4lkeen sek\u00e4 Rosella ett\u00e4 pieness\u00e4 Ribeauville kyl\u00e4ss\u00e4. Maailma on pieni.<\/p>\n<p><a href=\"https:\/\/petterihyryla.fi\/blog\/wp-content\/uploads\/2012\/06\/aurinkoa.jpg\"><img loading=\"lazy\" decoding=\"async\" class=\"alignright size-medium wp-image-334\" title=\"aurinkoa\" alt=\"\" src=\"https:\/\/petterihyryla.fi\/blog\/wp-content\/uploads\/2012\/06\/aurinkoa-300x225.jpg\" width=\"300\" height=\"225\" srcset=\"https:\/\/petterihyryla.fi\/blog\/wp-content\/uploads\/2012\/06\/aurinkoa-300x225.jpg 300w, https:\/\/petterihyryla.fi\/blog\/wp-content\/uploads\/2012\/06\/aurinkoa-400x300.jpg 400w, https:\/\/petterihyryla.fi\/blog\/wp-content\/uploads\/2012\/06\/aurinkoa.jpg 1024w\" sizes=\"auto, (max-width: 300px) 100vw, 300px\" \/><\/a>Ilma oli kaunis ja aurinkoinen eik\u00e4 tuullutkaan paljon, joten per\u00e4kannella oli kiva ottaa aurinkoa kun se oli mukavasti l\u00e4mmitt\u00e4nyt metallisen kannen (vaarana nen\u00e4n palaminen). Tuli sitten kumminkin k\u00e4ytetty\u00e4 sit\u00e4 mukaan otettua aurinkorasvaa.<\/p>\n<div id=\"attachment_335\" style=\"width: 310px\" class=\"wp-caption alignright\"><a href=\"https:\/\/petterihyryla.fi\/blog\/wp-content\/uploads\/2012\/06\/hytti.jpg\"><img loading=\"lazy\" decoding=\"async\" aria-describedby=\"caption-attachment-335\" class=\"size-medium wp-image-335\" title=\"hytti\" alt=\"\" src=\"https:\/\/petterihyryla.fi\/blog\/wp-content\/uploads\/2012\/06\/hytti-300x225.jpg\" width=\"300\" height=\"225\" srcset=\"https:\/\/petterihyryla.fi\/blog\/wp-content\/uploads\/2012\/06\/hytti-300x225.jpg 300w, https:\/\/petterihyryla.fi\/blog\/wp-content\/uploads\/2012\/06\/hytti-400x300.jpg 400w, https:\/\/petterihyryla.fi\/blog\/wp-content\/uploads\/2012\/06\/hytti.jpg 1024w\" sizes=\"auto, (max-width: 300px) 100vw, 300px\" \/><\/a><p id=\"caption-attachment-335\" class=\"wp-caption-text\">Olin varannut oikein tuplas\u00e4nkyhytin<\/p><\/div>\n<p>Olin ottanut varausta tehdess\u00e4 v\u00e4h\u00e4n luksuslis\u00e4\u00e4 ja varannut hytin jossa oli parivuode (lis\u00e4hinta oli aika pieni). Se oli jopa yllatt\u00e4v\u00e4n suuri. Mm. selk\u00e4jumpan tekeminen lattialla sujui pahemmin itse\u00e4\u00e4n kolhimatta. Eija k\u00e4vi my\u00f6s polkemassa 10 km kuntopy\u00f6r\u00e4ll\u00e4, joten ei meid\u00e4n aika ihan mennyt vain makoillessa ja elokuvakanavaa katsellessa.<\/p>\n","protected":false},"excerpt":{"rendered":"<p>Laivareissu meni totuttuun tapaan lep\u00e4illess\u00e4 ja sy\u00f6dess\u00e4. Ahot olivat eksyneet samalla laivalle, joten oli mukavasti seuraa laivareissun aikana. Ilmeni ett\u00e4 olimme k\u00e4yneet l\u00e4hes per\u00e4j\u00e4lkeen sek\u00e4 Rosella ett\u00e4 pieness\u00e4 Ribeauville kyl\u00e4ss\u00e4. Maailma on pieni. Ilma oli kaunis ja aurinkoinen eik\u00e4 tuullutkaan &hellip; <a href=\"https:\/\/petterihyryla.fi\/blog\/2012-06-itavaltaan\/11-11-6-laivalla\/\">Continue reading <span class=\"meta-nav\">&rarr;<\/span><\/a><\/p>\n","protected":false},"author":4,"featured_media":0,"comment_status":"open","ping_status":"open","sticky":false,"template":"","format":"standard","meta":{"footnotes":""},"categories":[12],"tags":[],"class_list":["post-332","post","type-post","status-publish","format-standard","hentry","category-2012-06-itavaltaan"],"_links":{"self":[{"href":"https:\/\/petterihyryla.fi\/blog\/wp-json\/wp\/v2\/posts\/332","targetHints":{"allow":["GET"]}}],"collection":[{"href":"https:\/\/petterihyryla.fi\/blog\/wp-json\/wp\/v2\/posts"}],"about":[{"href":"https:\/\/petterihyryla.fi\/blog\/wp-json\/wp\/v2\/types\/post"}],"author":[{"embeddable":true,"href":"https:\/\/petterihyryla.fi\/blog\/wp-json\/wp\/v2\/users\/4"}],"replies":[{"embeddable":true,"href":"https:\/\/petterihyryla.fi\/blog\/wp-json\/wp\/v2\/comments?post=332"}],"version-history":[{"count":0,"href":"https:\/\/petterihyryla.fi\/blog\/wp-json\/wp\/v2\/posts\/332\/revisions"}],"wp:attachment":[{"href":"https:\/\/petterihyryla.fi\/blog\/wp-json\/wp\/v2\/media?parent=332"}],"wp:term":[{"taxonomy":"category","embeddable":true,"href":"https:\/\/petterihyryla.fi\/blog\/wp-json\/wp\/v2\/categories?post=332"},{"taxonomy":"post_tag","embeddable":true,"href":"https:\/\/petterihyryla.fi\/blog\/wp-json\/wp\/v2\/tags?post=332"}],"curies":[{"name":"wp","href":"https:\/\/api.w.org\/{rel}","templated":true}]}}