{"id":3451,"date":"2018-08-10T14:08:56","date_gmt":"2018-08-10T11:08:56","guid":{"rendered":"http:\/\/petterihyryla.fi\/blog\/?p=3451"},"modified":"2018-08-10T14:25:00","modified_gmt":"2018-08-10T11:25:00","slug":"8-8-pyoran-vienti-vantaalle","status":"publish","type":"post","link":"https:\/\/petterihyryla.fi\/blog\/2018-8-9-italiasta\/8-8-pyoran-vienti-vantaalle\/","title":{"rendered":"8.8 Py\u00f6r\u00e4n vienti Vantaalle"},"content":{"rendered":"<p>Ennen kuin p\u00e4\u00e4st\u00e4\u00e4n reissuun pit\u00e4\u00e4 Ducati ensin l\u00e4hett\u00e4\u00e4 rahtina Milanoon. Viime vuosina olen k\u00e4ytt\u00e4nyt Niinivirtaa, jolla on k\u00e4tev\u00e4sti terminaalit Vantaan lentokent\u00e4n kupeessa sek\u00e4 Italian p\u00e4\u00e4ss\u00e4 Milanon laidalla. Lis\u00e4ksi rahti kulkee j\u00e4mptisti vakioaikataulujen mukaan.<\/p>\n<p>Ducati odotti valmiina tallissa pakattuna kun klo 11 ajoin kotiin. Piti ehti\u00e4 hyviss\u00e4 ajoin ennen nelj\u00e4\u00e4 terminaaliin joten ajattelin l\u00e4hte\u00e4 ajoissa. Meinasin ensin ty\u00f6nt\u00e4\u00e4 py\u00f6r\u00e4n tallista ja vasta sitten vaihtaa ajokamppeet p\u00e4\u00e4lle koska oli aika l\u00e4mmin. Olin ty\u00f6nt\u00e4m\u00e4ss\u00e4 t\u00e4ydess\u00e4 lastissa olevaa py\u00f6r\u00e4\u00e4 ulos kun hieman my\u00f6h\u00e4styin sivujalan pois otossa. Kun etupy\u00f6r\u00e4 oli ulkona tallista otti sivujalka kiinni ylemp\u00e4n\u00e4 olevaan autotallin lattiaan ja py\u00f6r\u00e4 kallistui v\u00e4\u00e4r\u00e4lle puolelle eli toiselle puolelle kuin mit\u00e4 itse olin. En mahtanut yht\u00e4\u00e4n mit\u00e4\u00e4n vaan koko komeus r\u00e4m\u00e4hti kyljelleen. Tuli aika monta \u00e4rr\u00e4p\u00e4\u00e4t\u00e4. Itse en saanut sit\u00e4 edes pystyyn koska paikka oli sen verran ahdas. Onneksi naapurin rouvan sain avuksi ja\u00a0 py\u00f6r\u00e4 nousi pystyyn. Pleksi halkesi monesta kohtaa, mutta muilta suuremmilta vauriolta onneksi v\u00e4ltyttiin. Mit\u00e4 nyt v\u00e4h\u00e4n verta vuoti s\u00e4\u00e4rest\u00e4, mutta t\u00e4rkein eli py\u00f6r\u00e4 n\u00e4ytti melko ehj\u00e4lt\u00e4. Sain vaihdettua alkuper\u00e4isen pleksi rikkoutuneen tilalle ja starttasin matkaan vain hieman aikataulusta my\u00f6h\u00e4ss\u00e4 klo 12.15.<\/p>\n<p>Kun nostin nopeuden matkavauhdiksi muistin heti miksi olin pleksin alun perin vaihtanut. Alkuper\u00e4inen on v\u00e4h\u00e4n liian korkea ja pleksin py\u00f6rre osuu kyp\u00e4r\u00e4n alaosaan. Kyp\u00e4r\u00e4n sis\u00e4ll\u00e4 k\u00e4y aikamoinen p\u00f6rin\u00e4 vaikka k\u00e4yt\u00e4n\u00a0 korvatulppia. Jotain pit\u00e4nee keksi\u00e4 asian korjaamiseksi.<\/p>\n<div id=\"attachment_3449\" style=\"width: 650px\" class=\"wp-caption aligncenter\"><a href=\"https:\/\/petterihyryla.fi\/blog\/wp-content\/uploads\/2018\/08\/2018-Pyorasidottuna.jpg\"><img loading=\"lazy\" decoding=\"async\" aria-describedby=\"caption-attachment-3449\" class=\"size-medium wp-image-3449\" src=\"https:\/\/petterihyryla.fi\/blog\/wp-content\/uploads\/2018\/08\/2018-Pyorasidottuna-640x480.jpg\" alt=\"\" width=\"640\" height=\"480\" srcset=\"https:\/\/petterihyryla.fi\/blog\/wp-content\/uploads\/2018\/08\/2018-Pyorasidottuna-640x480.jpg 640w, https:\/\/petterihyryla.fi\/blog\/wp-content\/uploads\/2018\/08\/2018-Pyorasidottuna-768x576.jpg 768w, https:\/\/petterihyryla.fi\/blog\/wp-content\/uploads\/2018\/08\/2018-Pyorasidottuna.jpg 1024w, https:\/\/petterihyryla.fi\/blog\/wp-content\/uploads\/2018\/08\/2018-Pyorasidottuna-400x300.jpg 400w\" sizes=\"auto, (max-width: 640px) 100vw, 640px\" \/><\/a><p id=\"caption-attachment-3449\" class=\"wp-caption-text\">Niinivirran terminaalissa Vantaalla. Ainakin luulisi kest\u00e4v\u00e4n paikallaan.<\/p><\/div>\n<p>Varttia yli kolme olin terminaalissa ja aloimme Niinivirran tyypin kanssa sitomaan Ducatia kiinni kuljetustelineeseen. Tuli aika siisti paketti kun molempien ajovarusteet olivat j\u00e4tes\u00e4keiss\u00e4 satulan p\u00e4\u00e4ll\u00e4. Ilmeisesti ymp\u00e4rille tulee viel\u00e4 l\u00e4pin\u00e4kyv\u00e4\u00e4 muovia useampi kerros, joten hyv\u00e4lt\u00e4 n\u00e4ytt\u00e4\u00e4.<\/p>\n<p>Seuraana p\u00e4iv\u00e4 eli torstaina kuulemma l\u00e4htisi Milanoon. Perill\u00e4 olisi seuraavan viikon tiistaip\u00e4iv\u00e4n aikana.<\/p>\n","protected":false},"excerpt":{"rendered":"<p>Ennen kuin p\u00e4\u00e4st\u00e4\u00e4n reissuun pit\u00e4\u00e4 Ducati ensin l\u00e4hett\u00e4\u00e4 rahtina Milanoon. Viime vuosina olen k\u00e4ytt\u00e4nyt Niinivirtaa, jolla on k\u00e4tev\u00e4sti terminaalit Vantaan lentokent\u00e4n kupeessa sek\u00e4 Italian p\u00e4\u00e4ss\u00e4 Milanon laidalla. Lis\u00e4ksi rahti kulkee j\u00e4mptisti vakioaikataulujen mukaan. Ducati odotti valmiina tallissa pakattuna kun klo &hellip; <a href=\"https:\/\/petterihyryla.fi\/blog\/2018-8-9-italiasta\/8-8-pyoran-vienti-vantaalle\/\">Continue reading <span class=\"meta-nav\">&rarr;<\/span><\/a><\/p>\n","protected":false},"author":4,"featured_media":0,"comment_status":"open","ping_status":"open","sticky":false,"template":"","format":"standard","meta":{"footnotes":""},"categories":[29],"tags":[],"class_list":["post-3451","post","type-post","status-publish","format-standard","hentry","category-2018-8-9-italiasta"],"_links":{"self":[{"href":"https:\/\/petterihyryla.fi\/blog\/wp-json\/wp\/v2\/posts\/3451","targetHints":{"allow":["GET"]}}],"collection":[{"href":"https:\/\/petterihyryla.fi\/blog\/wp-json\/wp\/v2\/posts"}],"about":[{"href":"https:\/\/petterihyryla.fi\/blog\/wp-json\/wp\/v2\/types\/post"}],"author":[{"embeddable":true,"href":"https:\/\/petterihyryla.fi\/blog\/wp-json\/wp\/v2\/users\/4"}],"replies":[{"embeddable":true,"href":"https:\/\/petterihyryla.fi\/blog\/wp-json\/wp\/v2\/comments?post=3451"}],"version-history":[{"count":7,"href":"https:\/\/petterihyryla.fi\/blog\/wp-json\/wp\/v2\/posts\/3451\/revisions"}],"predecessor-version":[{"id":3458,"href":"https:\/\/petterihyryla.fi\/blog\/wp-json\/wp\/v2\/posts\/3451\/revisions\/3458"}],"wp:attachment":[{"href":"https:\/\/petterihyryla.fi\/blog\/wp-json\/wp\/v2\/media?parent=3451"}],"wp:term":[{"taxonomy":"category","embeddable":true,"href":"https:\/\/petterihyryla.fi\/blog\/wp-json\/wp\/v2\/categories?post=3451"},{"taxonomy":"post_tag","embeddable":true,"href":"https:\/\/petterihyryla.fi\/blog\/wp-json\/wp\/v2\/tags?post=3451"}],"curies":[{"name":"wp","href":"https:\/\/api.w.org\/{rel}","templated":true}]}}